{"id":10903,"date":"2021-09-30T18:05:37","date_gmt":"2021-09-30T18:05:37","guid":{"rendered":"https:\/\/cavera.org.ar\/?p=10903"},"modified":"2022-03-11T21:58:36","modified_gmt":"2022-03-11T21:58:36","slug":"reduccion-de-contribuciones-patronales","status":"publish","type":"post","link":"https:\/\/cavera.org.ar\/?p=10903","title":{"rendered":"Informes del Asesor Laboral -Reducci\u00f3n contribuciones patronales &#8211; Nuevo salario M\u00ednimo, Vital y M\u00f3vil"},"content":{"rendered":"<p><a href=\"https:\/\/cavera.org.ar\/wp-content\/uploads\/2021\/09\/URGENTE-REGLAMENTACION-REDUCCION-CONTRIBUCIONES-PATRONALES-NUEVOS-EMPLEADOS-PROGRAMAS-PROMOCION-EMPLEO.pdf\">URGENTE &#8211; REGLAMENTACI\u00d3N REDUCCI\u00d3N CONTRIBUCIONES PATRONALES &#8211; NUEVOS EMPLEADOS PROGRAMAS PROMOCI\u00d3N EMPLEO<\/a><\/p>\n<p><a href=\"https:\/\/cavera.org.ar\/wp-content\/uploads\/2021\/09\/A-PARTIR-DEL-1\u00b0-DE-SEPTIEMBRE-2021-RIGEN-NUEVOS-IMPORTES-DEL-SALARIO-MINIMO-VITAL-Y-MOVIL.pdf\">A PARTIR DEL 1\u00b0 DE SEPTIEMBRE 2021 RIGEN NUEVOS IMPORTES DEL SALARIO M\u00cdNIMO, VITAL Y MOVIL<\/a><\/p>\n","protected":false},"excerpt":{"rendered":"<p>URGENTE &#8211; REGLAMENTACI\u00d3N REDUCCI\u00d3N CONTRIBUCIONES PATRONALES &#8211; NUEVOS EMPLEADOS PROGRAMAS PROMOCI\u00d3N EMPLEO A PARTIR DEL 1\u00b0 DE SEPTIEMBRE 2021 RIGEN<\/p>\n","protected":false},"author":2,"featured_media":0,"comment_status":"closed","ping_status":"closed","sticky":false,"template":"","format":"standard","meta":[],"categories":[31],"tags":[],"_links":{"self":[{"href":"https:\/\/cavera.org.ar\/index.php?rest_route=\/wp\/v2\/posts\/10903"}],"collection":[{"href":"https:\/\/cavera.org.ar\/index.php?rest_route=\/wp\/v2\/posts"}],"about":[{"href":"https:\/\/cavera.org.ar\/index.php?rest_route=\/wp\/v2\/types\/post"}],"author":[{"embeddable":true,"href":"https:\/\/cavera.org.ar\/index.php?rest_route=\/wp\/v2\/users\/2"}],"replies":[{"embeddable":true,"href":"https:\/\/cavera.org.ar\/index.php?rest_route=%2Fwp%2Fv2%2Fcomments&post=10903"}],"version-history":[{"count":5,"href":"https:\/\/cavera.org.ar\/index.php?rest_route=\/wp\/v2\/posts\/10903\/revisions"}],"predecessor-version":[{"id":11019,"href":"https:\/\/cavera.org.ar\/index.php?rest_route=\/wp\/v2\/posts\/10903\/revisions\/11019"}],"wp:attachment":[{"href":"https:\/\/cavera.org.ar\/index.php?rest_route=%2Fwp%2Fv2%2Fmedia&parent=10903"}],"wp:term":[{"taxonomy":"category","embeddable":true,"href":"https:\/\/cavera.org.ar\/index.php?rest_route=%2Fwp%2Fv2%2Fcategories&post=10903"},{"taxonomy":"post_tag","embeddable":true,"href":"https:\/\/cavera.org.ar\/index.php?rest_route=%2Fwp%2Fv2%2Ftags&post=10903"}],"curies":[{"name":"wp","href":"https:\/\/api.w.org\/{rel}","templated":true}]}}