{"id":14426,"date":"2022-07-18T14:50:45","date_gmt":"2022-07-18T14:50:45","guid":{"rendered":"https:\/\/cavera.org.ar\/?p=14426"},"modified":"2022-07-19T15:48:12","modified_gmt":"2022-07-19T15:48:12","slug":"presentacion-y-lanzamiento-libro-derecho-y-vivienda","status":"publish","type":"post","link":"https:\/\/cavera.org.ar\/?p=14426","title":{"rendered":"Presentaci\u00f3n y lanzamiento libro \u00abDERECHO Y VIVIENDA\u00bb"},"content":{"rendered":"<p>El d\u00eda 14 de Julio del corriente se llev\u00f3 a cabo la presentaci\u00f3n y lanzamiento del libro DERECHO Y VIVIENDA,\u00a0 cuyo autor es el\u00a0 Dr. Ricardo D. Andino, presidente de CAVERA, con pr\u00f3logo del Dr. Julio Cesar Crivelli, quien estuvo presente en el acto. Tambi\u00e9n asistieron, entre otros,\u00a0 el\u00a0 Ing. Gustavo Weiss, Presidente de la C\u00e1mara Argentina de la Construcci\u00f3n, el Arq. Domingo Risso Patr\u00f3n, Presidente de la Comisi\u00f3n Vivienda de la Sociedad Central de Arquitectos; miembros del Consejo Directivo, familiares y amigos.<\/p>\n<p>La obra \u2013expresa Crivelli en su pr\u00f3logo- es la primera en vincular de modo total y sistem\u00e1tico la ciencia jur\u00eddica con la vivienda e incorpora un an\u00e1lisis que abarca toda la materia jur\u00eddica referida al tema. Lo hace con excelente objetivo abierto y did\u00e1ctico, destinada a todo el espectro profesional y comercial.<\/p>\n<p>La publicaci\u00f3n se puede adquirir en la librer\u00edas especializadas f\u00edsicas o virtuales o a trav\u00e9s de <a href=\"http:\/\/www.abacoeditorial.com.ar\">www.abacoeditorial.com.ar<\/a> o personalmente en Viamonte 1336, 4\u00ba P. Of. 23, CABA \u2013 de 11 a 16 hs. Tel. 4371-1675<\/p>\n","protected":false},"excerpt":{"rendered":"<p>El d\u00eda 14 de Julio del corriente se llev\u00f3 a cabo la presentaci\u00f3n y lanzamiento del libro DERECHO Y VIVIENDA,\u00a0<\/p>\n","protected":false},"author":2,"featured_media":14427,"comment_status":"closed","ping_status":"closed","sticky":false,"template":"","format":"standard","meta":[],"categories":[14,4,13],"tags":[],"_links":{"self":[{"href":"https:\/\/cavera.org.ar\/index.php?rest_route=\/wp\/v2\/posts\/14426"}],"collection":[{"href":"https:\/\/cavera.org.ar\/index.php?rest_route=\/wp\/v2\/posts"}],"about":[{"href":"https:\/\/cavera.org.ar\/index.php?rest_route=\/wp\/v2\/types\/post"}],"author":[{"embeddable":true,"href":"https:\/\/cavera.org.ar\/index.php?rest_route=\/wp\/v2\/users\/2"}],"replies":[{"embeddable":true,"href":"https:\/\/cavera.org.ar\/index.php?rest_route=%2Fwp%2Fv2%2Fcomments&post=14426"}],"version-history":[{"count":2,"href":"https:\/\/cavera.org.ar\/index.php?rest_route=\/wp\/v2\/posts\/14426\/revisions"}],"predecessor-version":[{"id":14429,"href":"https:\/\/cavera.org.ar\/index.php?rest_route=\/wp\/v2\/posts\/14426\/revisions\/14429"}],"wp:featuredmedia":[{"embeddable":true,"href":"https:\/\/cavera.org.ar\/index.php?rest_route=\/wp\/v2\/media\/14427"}],"wp:attachment":[{"href":"https:\/\/cavera.org.ar\/index.php?rest_route=%2Fwp%2Fv2%2Fmedia&parent=14426"}],"wp:term":[{"taxonomy":"category","embeddable":true,"href":"https:\/\/cavera.org.ar\/index.php?rest_route=%2Fwp%2Fv2%2Fcategories&post=14426"},{"taxonomy":"post_tag","embeddable":true,"href":"https:\/\/cavera.org.ar\/index.php?rest_route=%2Fwp%2Fv2%2Ftags&post=14426"}],"curies":[{"name":"wp","href":"https:\/\/api.w.org\/{rel}","templated":true}]}}