{"id":14733,"date":"2022-09-06T11:49:50","date_gmt":"2022-09-06T11:49:50","guid":{"rendered":"https:\/\/cavera.org.ar\/?p=14733"},"modified":"2022-11-25T22:04:03","modified_gmt":"2022-11-25T22:04:03","slug":"curso-diseno-de-redes-de-conductos-de-aire-para-climatizacion-ventilacion-modulo-1","status":"publish","type":"post","link":"https:\/\/cavera.org.ar\/?p=14733","title":{"rendered":"Curso DISE\u00d1O DE REDES DE CONDUCTOS DE AIRE PARA CLIMATIZACI\u00d3N &#038; VENTILACI\u00d3N &#8211; M\u00f3dulo 1"},"content":{"rendered":"<p><a href=\"https:\/\/cavera.org.ar\/wp-content\/uploads\/2022\/08\/Curso-Diseno-de-redes-de-conductos-de-aire-para-climatizacion-y-ventilacion-Modulo-1.pdf\">Curso Dise\u00f1o de redes de conductos de aire para climatizaci\u00f3n y ventilaci\u00f3n &#8211; M\u00f3dulo 1<\/a><\/p>\n<p>&nbsp;<\/p>\n","protected":false},"excerpt":{"rendered":"<p>Curso Dise\u00f1o de redes de conductos de aire para climatizaci\u00f3n y ventilaci\u00f3n &#8211; M\u00f3dulo 1 &nbsp;<\/p>\n","protected":false},"author":2,"featured_media":0,"comment_status":"closed","ping_status":"closed","sticky":false,"template":"","format":"standard","meta":[],"categories":[66],"tags":[],"_links":{"self":[{"href":"https:\/\/cavera.org.ar\/index.php?rest_route=\/wp\/v2\/posts\/14733"}],"collection":[{"href":"https:\/\/cavera.org.ar\/index.php?rest_route=\/wp\/v2\/posts"}],"about":[{"href":"https:\/\/cavera.org.ar\/index.php?rest_route=\/wp\/v2\/types\/post"}],"author":[{"embeddable":true,"href":"https:\/\/cavera.org.ar\/index.php?rest_route=\/wp\/v2\/users\/2"}],"replies":[{"embeddable":true,"href":"https:\/\/cavera.org.ar\/index.php?rest_route=%2Fwp%2Fv2%2Fcomments&post=14733"}],"version-history":[{"count":5,"href":"https:\/\/cavera.org.ar\/index.php?rest_route=\/wp\/v2\/posts\/14733\/revisions"}],"predecessor-version":[{"id":16169,"href":"https:\/\/cavera.org.ar\/index.php?rest_route=\/wp\/v2\/posts\/14733\/revisions\/16169"}],"wp:attachment":[{"href":"https:\/\/cavera.org.ar\/index.php?rest_route=%2Fwp%2Fv2%2Fmedia&parent=14733"}],"wp:term":[{"taxonomy":"category","embeddable":true,"href":"https:\/\/cavera.org.ar\/index.php?rest_route=%2Fwp%2Fv2%2Fcategories&post=14733"},{"taxonomy":"post_tag","embeddable":true,"href":"https:\/\/cavera.org.ar\/index.php?rest_route=%2Fwp%2Fv2%2Ftags&post=14733"}],"curies":[{"name":"wp","href":"https:\/\/api.w.org\/{rel}","templated":true}]}}