{"id":16094,"date":"2022-11-15T13:29:31","date_gmt":"2022-11-15T13:29:31","guid":{"rendered":"https:\/\/cavera.org.ar\/?p=16094"},"modified":"2022-11-15T16:30:58","modified_gmt":"2022-11-15T16:30:58","slug":"nota-al-ministro-de-desarrollo-territorial-y-habitat","status":"publish","type":"post","link":"https:\/\/cavera.org.ar\/?p=16094","title":{"rendered":"Nota al Ministro de Desarrollo Territorial y H\u00e1bitat"},"content":{"rendered":"<p>CAVERA saluda al Lic. Santiago Maggiotti por su designaci\u00f3n como Ministro de Des. Territorial y H\u00e1bitat y le solicita audiencia.<\/p>\n<p><a href=\"https:\/\/cavera.org.ar\/wp-content\/uploads\/2022\/11\/Texto-de-la-nota.pdf\">Texto de la nota<\/a><\/p>\n","protected":false},"excerpt":{"rendered":"<p>CAVERA saluda al Lic. Santiago Maggiotti por su designaci\u00f3n como Ministro de Des. Territorial y H\u00e1bitat y le solicita audiencia.<\/p>\n","protected":false},"author":2,"featured_media":16096,"comment_status":"closed","ping_status":"closed","sticky":false,"template":"","format":"standard","meta":[],"categories":[18,8,4],"tags":[],"_links":{"self":[{"href":"https:\/\/cavera.org.ar\/index.php?rest_route=\/wp\/v2\/posts\/16094"}],"collection":[{"href":"https:\/\/cavera.org.ar\/index.php?rest_route=\/wp\/v2\/posts"}],"about":[{"href":"https:\/\/cavera.org.ar\/index.php?rest_route=\/wp\/v2\/types\/post"}],"author":[{"embeddable":true,"href":"https:\/\/cavera.org.ar\/index.php?rest_route=\/wp\/v2\/users\/2"}],"replies":[{"embeddable":true,"href":"https:\/\/cavera.org.ar\/index.php?rest_route=%2Fwp%2Fv2%2Fcomments&post=16094"}],"version-history":[{"count":3,"href":"https:\/\/cavera.org.ar\/index.php?rest_route=\/wp\/v2\/posts\/16094\/revisions"}],"predecessor-version":[{"id":16099,"href":"https:\/\/cavera.org.ar\/index.php?rest_route=\/wp\/v2\/posts\/16094\/revisions\/16099"}],"wp:featuredmedia":[{"embeddable":true,"href":"https:\/\/cavera.org.ar\/index.php?rest_route=\/wp\/v2\/media\/16096"}],"wp:attachment":[{"href":"https:\/\/cavera.org.ar\/index.php?rest_route=%2Fwp%2Fv2%2Fmedia&parent=16094"}],"wp:term":[{"taxonomy":"category","embeddable":true,"href":"https:\/\/cavera.org.ar\/index.php?rest_route=%2Fwp%2Fv2%2Fcategories&post=16094"},{"taxonomy":"post_tag","embeddable":true,"href":"https:\/\/cavera.org.ar\/index.php?rest_route=%2Fwp%2Fv2%2Ftags&post=16094"}],"curies":[{"name":"wp","href":"https:\/\/api.w.org\/{rel}","templated":true}]}}