{"id":16311,"date":"2023-03-02T17:26:01","date_gmt":"2023-03-02T17:26:01","guid":{"rendered":"https:\/\/cavera.org.ar\/?p=16311"},"modified":"2023-03-08T18:35:50","modified_gmt":"2023-03-08T18:35:50","slug":"reconocimiento-a-los-docentes-de-cavera","status":"publish","type":"post","link":"https:\/\/cavera.org.ar\/?p=16311","title":{"rendered":"Reconocimiento a los docentes de CAVERA"},"content":{"rendered":"<p>El Presidente de la C\u00e1mara de la Vivienda y Equipamiento Urbano de la Rep\u00fablica Argentina (CAVERA), Dr. Ricardo D. Andino, recibi\u00f3 en la sede de la C\u00e1mara a un grupo de docentes que desplegaron actividades acad\u00e9micas en los \u00faltimos cinco a\u00f1os.<\/p>\n<p>El motivo del encuentro fue el reconocimiento de la labor desarrollada por el equipo de profesionales y la entrega de diplomas por su destacado desempe\u00f1o.<\/p>\n<p>Por otra parte, se comentaron los planes para este 2023 y se anunci\u00f3 la creaci\u00f3n de un Consejo Acad\u00e9mico, destacando la importancia de este compromiso y la colaboraci\u00f3n mutua entre la C\u00e1mara y los Docentes.<\/p>\n<p>Asimismo como instituci\u00f3n anfitriona se hizo referencia al Aniversario 50\u00ba de CAVERA, ya que naci\u00f3 en febrero de 1973, teniendo como objetivo el crecimiento del sector de la industria de la construcci\u00f3n de la vivienda en la argentina.<\/p>\n<p>Tambi\u00e9n CAVERA destac\u00f3 las bondades del PROGRAMA MELIUS, cuyo objetivo es sistematizar, coordinar y concentrar las tareas y actividades de estudio, capacitaci\u00f3n y actualizaci\u00f3n de todas las \u00e1reas del conocimiento vinculadas con la vivienda, la infraestructura urbana y la construcci\u00f3n.<\/p>\n<p>En el cierre se procedi\u00f3 a invitar a los presentes a un brindis dando por terminado el evento.<\/p>\n<p>Del encuentro adem\u00e1s de los docentes tambi\u00e9n participaron integrantes del Consejo Directivo de CAVERA, as\u00ed como familiares y amigos.<\/p>\n<p><a href=\"https:\/\/cavera.org.ar\/wp-content\/uploads\/2023\/03\/Fotografias.pdf\">Fotograf\u00edas<\/a><\/p>\n","protected":false},"excerpt":{"rendered":"<p>El Presidente de la C\u00e1mara de la Vivienda y Equipamiento Urbano de la Rep\u00fablica Argentina (CAVERA), Dr. Ricardo D. Andino,<\/p>\n","protected":false},"author":2,"featured_media":16320,"comment_status":"closed","ping_status":"closed","sticky":false,"template":"","format":"standard","meta":[],"categories":[14,4],"tags":[],"_links":{"self":[{"href":"https:\/\/cavera.org.ar\/index.php?rest_route=\/wp\/v2\/posts\/16311"}],"collection":[{"href":"https:\/\/cavera.org.ar\/index.php?rest_route=\/wp\/v2\/posts"}],"about":[{"href":"https:\/\/cavera.org.ar\/index.php?rest_route=\/wp\/v2\/types\/post"}],"author":[{"embeddable":true,"href":"https:\/\/cavera.org.ar\/index.php?rest_route=\/wp\/v2\/users\/2"}],"replies":[{"embeddable":true,"href":"https:\/\/cavera.org.ar\/index.php?rest_route=%2Fwp%2Fv2%2Fcomments&post=16311"}],"version-history":[{"count":4,"href":"https:\/\/cavera.org.ar\/index.php?rest_route=\/wp\/v2\/posts\/16311\/revisions"}],"predecessor-version":[{"id":16318,"href":"https:\/\/cavera.org.ar\/index.php?rest_route=\/wp\/v2\/posts\/16311\/revisions\/16318"}],"wp:featuredmedia":[{"embeddable":true,"href":"https:\/\/cavera.org.ar\/index.php?rest_route=\/wp\/v2\/media\/16320"}],"wp:attachment":[{"href":"https:\/\/cavera.org.ar\/index.php?rest_route=%2Fwp%2Fv2%2Fmedia&parent=16311"}],"wp:term":[{"taxonomy":"category","embeddable":true,"href":"https:\/\/cavera.org.ar\/index.php?rest_route=%2Fwp%2Fv2%2Fcategories&post=16311"},{"taxonomy":"post_tag","embeddable":true,"href":"https:\/\/cavera.org.ar\/index.php?rest_route=%2Fwp%2Fv2%2Ftags&post=16311"}],"curies":[{"name":"wp","href":"https:\/\/api.w.org\/{rel}","templated":true}]}}