{"id":20706,"date":"2024-01-12T15:20:57","date_gmt":"2024-01-12T15:20:57","guid":{"rendered":"https:\/\/cavera.org.ar\/?p=20706"},"modified":"2024-01-12T18:25:31","modified_gmt":"2024-01-12T18:25:31","slug":"la-justicia-aclaro-cuando-se-aplica-la-alicuota-del-iva-en-la-construccion","status":"publish","type":"post","link":"https:\/\/cavera.org.ar\/?p=20706","title":{"rendered":"La Justicia aclar\u00f3 cuando se aplica la al\u00edcuota del Iva en la construcci\u00f3n"},"content":{"rendered":"<p><!--more--><\/p>\n<p><a href=\"https:\/\/www.iprofesional.com\/impuestos\/396179-alicuota-de-iva-en-la-construccion-la-justicia-del-lado-de-afip\">https:\/\/www.iprofesional.com\/impuestos\/396179-alicuota-de-iva-en-la-construccion-la-justicia-del-lado-de-afip<\/a><\/p>\n","protected":false},"excerpt":{"rendered":"","protected":false},"author":2,"featured_media":20708,"comment_status":"closed","ping_status":"closed","sticky":false,"template":"","format":"standard","meta":[],"categories":[10,9,4],"tags":[],"_links":{"self":[{"href":"https:\/\/cavera.org.ar\/index.php?rest_route=\/wp\/v2\/posts\/20706"}],"collection":[{"href":"https:\/\/cavera.org.ar\/index.php?rest_route=\/wp\/v2\/posts"}],"about":[{"href":"https:\/\/cavera.org.ar\/index.php?rest_route=\/wp\/v2\/types\/post"}],"author":[{"embeddable":true,"href":"https:\/\/cavera.org.ar\/index.php?rest_route=\/wp\/v2\/users\/2"}],"replies":[{"embeddable":true,"href":"https:\/\/cavera.org.ar\/index.php?rest_route=%2Fwp%2Fv2%2Fcomments&post=20706"}],"version-history":[{"count":3,"href":"https:\/\/cavera.org.ar\/index.php?rest_route=\/wp\/v2\/posts\/20706\/revisions"}],"predecessor-version":[{"id":20710,"href":"https:\/\/cavera.org.ar\/index.php?rest_route=\/wp\/v2\/posts\/20706\/revisions\/20710"}],"wp:featuredmedia":[{"embeddable":true,"href":"https:\/\/cavera.org.ar\/index.php?rest_route=\/wp\/v2\/media\/20708"}],"wp:attachment":[{"href":"https:\/\/cavera.org.ar\/index.php?rest_route=%2Fwp%2Fv2%2Fmedia&parent=20706"}],"wp:term":[{"taxonomy":"category","embeddable":true,"href":"https:\/\/cavera.org.ar\/index.php?rest_route=%2Fwp%2Fv2%2Fcategories&post=20706"},{"taxonomy":"post_tag","embeddable":true,"href":"https:\/\/cavera.org.ar\/index.php?rest_route=%2Fwp%2Fv2%2Ftags&post=20706"}],"curies":[{"name":"wp","href":"https:\/\/api.w.org\/{rel}","templated":true}]}}