{"id":20790,"date":"2024-03-05T13:02:35","date_gmt":"2024-03-05T13:02:35","guid":{"rendered":"https:\/\/cavera.org.ar\/?p=20790"},"modified":"2024-03-05T16:11:04","modified_gmt":"2024-03-05T16:11:04","slug":"relevante-fallo-de-la-corte-suprema-sobre-la-actualizacion-de-creditos-laborales","status":"publish","type":"post","link":"https:\/\/cavera.org.ar\/?p=20790","title":{"rendered":"Relevante fallo de la Corte Suprema sobre la actualizaci\u00f3n de cr\u00e9ditos laborales"},"content":{"rendered":"<p><!--more--><\/p>\n<p style=\"text-align: left;\">Excelente fallo de la CSJN. Puso un l\u00edmite al disparatado sistema de actualizaci\u00f3n de los cr\u00e9ditos laborales, determinando que era absolutamente irrazonable y por ende inconstitucional.<br \/>\nCorresponde aclarar que si bien el sistema judicial argentino se basa en el r\u00e9gimen de casos &#8211; por lo cual, salvo expresas excepciones, las sentencias no se aplican a otros casos- incluso para las dictadas por la Corte, lo cierto es que \u00e9sta tiene decidido que los tribunales inferiores no pueden apartarse de sus decisiones sin explicar claramente porqu\u00e9 lo har\u00e1n.<\/p>\n<p style=\"text-align: left;\">Entonces, ante esta jurisprudencia del Superior Tribunal, la Justicia Laboral deber\u00e1 aplicarla o, en su caso, justificar su apartamiento, decisi\u00f3n que desde ya, ser\u00eda recurrible ante la Corte Suprema.<br \/>\nSi bien esta resoluci\u00f3n no afecta totalmente a la actividad de la Construcci\u00f3n, regida en lo referido a la indemnizaci\u00f3n por despido por el r\u00e9gimen de la ley 22 250, toda otra actividad o reclamo est\u00e1 encuadrado en el r\u00e9gimen general de la ley de contrato de trabajo y, por ello, alcanzada por las decisiones de la C\u00e1mara de Apelaciones del Trabajo, ahora anuladas.<\/p>\n","protected":false},"excerpt":{"rendered":"","protected":false},"author":2,"featured_media":20794,"comment_status":"closed","ping_status":"closed","sticky":false,"template":"","format":"standard","meta":[],"categories":[9,4],"tags":[],"_links":{"self":[{"href":"https:\/\/cavera.org.ar\/index.php?rest_route=\/wp\/v2\/posts\/20790"}],"collection":[{"href":"https:\/\/cavera.org.ar\/index.php?rest_route=\/wp\/v2\/posts"}],"about":[{"href":"https:\/\/cavera.org.ar\/index.php?rest_route=\/wp\/v2\/types\/post"}],"author":[{"embeddable":true,"href":"https:\/\/cavera.org.ar\/index.php?rest_route=\/wp\/v2\/users\/2"}],"replies":[{"embeddable":true,"href":"https:\/\/cavera.org.ar\/index.php?rest_route=%2Fwp%2Fv2%2Fcomments&post=20790"}],"version-history":[{"count":4,"href":"https:\/\/cavera.org.ar\/index.php?rest_route=\/wp\/v2\/posts\/20790\/revisions"}],"predecessor-version":[{"id":20795,"href":"https:\/\/cavera.org.ar\/index.php?rest_route=\/wp\/v2\/posts\/20790\/revisions\/20795"}],"wp:featuredmedia":[{"embeddable":true,"href":"https:\/\/cavera.org.ar\/index.php?rest_route=\/wp\/v2\/media\/20794"}],"wp:attachment":[{"href":"https:\/\/cavera.org.ar\/index.php?rest_route=%2Fwp%2Fv2%2Fmedia&parent=20790"}],"wp:term":[{"taxonomy":"category","embeddable":true,"href":"https:\/\/cavera.org.ar\/index.php?rest_route=%2Fwp%2Fv2%2Fcategories&post=20790"},{"taxonomy":"post_tag","embeddable":true,"href":"https:\/\/cavera.org.ar\/index.php?rest_route=%2Fwp%2Fv2%2Ftags&post=20790"}],"curies":[{"name":"wp","href":"https:\/\/api.w.org\/{rel}","templated":true}]}}