{"id":21216,"date":"2024-04-10T09:20:50","date_gmt":"2024-04-10T09:20:50","guid":{"rendered":"https:\/\/cavera.org.ar\/?p=21216"},"modified":"2024-07-05T18:54:48","modified_gmt":"2024-07-05T18:54:48","slug":"nuevo-secretario-de-des-territorial-habitat-y-vivienda","status":"publish","type":"post","link":"https:\/\/cavera.org.ar\/?p=21216","title":{"rendered":"Nuevo Secretario de Des. Territorial, H\u00e1bitat y Vivienda"},"content":{"rendered":"<p><!--more--><\/p>\n<p>El Lic. Rodrigo Aybar Perlender fue designado en el cargo de Secretario de Desarrollo Territorial, H\u00e1bitat y Vivienda del Ministerio de Econom\u00eda.<br \/>\nCAVERA se dirigi\u00f3 al funcionario salud\u00e1ndolo, dese\u00e1ndole \u00e9xitos en la gesti\u00f3n que inicia y solicit\u00e1ndole urgente audiencia.<\/p>\n<p><a href=\"https:\/\/cavera.org.ar\/wp-content\/uploads\/2024\/04\/DECTO-2024-266-APN-PTE.pdf\">DECTO-2024-266-APN-PTE<\/a><\/p>\n<p>&nbsp;<\/p>\n","protected":false},"excerpt":{"rendered":"","protected":false},"author":2,"featured_media":21218,"comment_status":"closed","ping_status":"closed","sticky":false,"template":"","format":"standard","meta":[],"categories":[9,4],"tags":[],"_links":{"self":[{"href":"https:\/\/cavera.org.ar\/index.php?rest_route=\/wp\/v2\/posts\/21216"}],"collection":[{"href":"https:\/\/cavera.org.ar\/index.php?rest_route=\/wp\/v2\/posts"}],"about":[{"href":"https:\/\/cavera.org.ar\/index.php?rest_route=\/wp\/v2\/types\/post"}],"author":[{"embeddable":true,"href":"https:\/\/cavera.org.ar\/index.php?rest_route=\/wp\/v2\/users\/2"}],"replies":[{"embeddable":true,"href":"https:\/\/cavera.org.ar\/index.php?rest_route=%2Fwp%2Fv2%2Fcomments&post=21216"}],"version-history":[{"count":2,"href":"https:\/\/cavera.org.ar\/index.php?rest_route=\/wp\/v2\/posts\/21216\/revisions"}],"predecessor-version":[{"id":23827,"href":"https:\/\/cavera.org.ar\/index.php?rest_route=\/wp\/v2\/posts\/21216\/revisions\/23827"}],"wp:featuredmedia":[{"embeddable":true,"href":"https:\/\/cavera.org.ar\/index.php?rest_route=\/wp\/v2\/media\/21218"}],"wp:attachment":[{"href":"https:\/\/cavera.org.ar\/index.php?rest_route=%2Fwp%2Fv2%2Fmedia&parent=21216"}],"wp:term":[{"taxonomy":"category","embeddable":true,"href":"https:\/\/cavera.org.ar\/index.php?rest_route=%2Fwp%2Fv2%2Fcategories&post=21216"},{"taxonomy":"post_tag","embeddable":true,"href":"https:\/\/cavera.org.ar\/index.php?rest_route=%2Fwp%2Fv2%2Ftags&post=21216"}],"curies":[{"name":"wp","href":"https:\/\/api.w.org\/{rel}","templated":true}]}}