{"id":21221,"date":"2024-05-03T12:00:55","date_gmt":"2024-05-03T12:00:55","guid":{"rendered":"https:\/\/cavera.org.ar\/?p=21221"},"modified":"2024-05-03T15:20:35","modified_gmt":"2024-05-03T15:20:35","slug":"homenaje","status":"publish","type":"post","link":"https:\/\/cavera.org.ar\/?p=21221","title":{"rendered":"Disertaci\u00f3n de Santiago Bulat"},"content":{"rendered":"<p><!--more-->El 17 de abril, en el marco del homenaje que CAVERA rindi\u00f3 a Gajo y Tom\u00e1s Bulat, quienes fueran fundador y asesor econ\u00f3mico respectivamente de nuestra c\u00e1mara, el Lic. Santiago Bulat disert\u00f3 sobre la macroeconom\u00eda y la vivienda.<\/p>\n<p>Compartimos su presentaci\u00f3n: clic en \u2192 <a href=\"https:\/\/cavera.org.ar\/wp-content\/uploads\/2024\/04\/Disertacion-en-CAVERA.pdf\">Disertaci\u00f3n en CAVERA<\/a><\/p>\n","protected":false},"excerpt":{"rendered":"","protected":false},"author":2,"featured_media":21422,"comment_status":"closed","ping_status":"closed","sticky":false,"template":"","format":"standard","meta":[],"categories":[14,4],"tags":[],"_links":{"self":[{"href":"https:\/\/cavera.org.ar\/index.php?rest_route=\/wp\/v2\/posts\/21221"}],"collection":[{"href":"https:\/\/cavera.org.ar\/index.php?rest_route=\/wp\/v2\/posts"}],"about":[{"href":"https:\/\/cavera.org.ar\/index.php?rest_route=\/wp\/v2\/types\/post"}],"author":[{"embeddable":true,"href":"https:\/\/cavera.org.ar\/index.php?rest_route=\/wp\/v2\/users\/2"}],"replies":[{"embeddable":true,"href":"https:\/\/cavera.org.ar\/index.php?rest_route=%2Fwp%2Fv2%2Fcomments&post=21221"}],"version-history":[{"count":4,"href":"https:\/\/cavera.org.ar\/index.php?rest_route=\/wp\/v2\/posts\/21221\/revisions"}],"predecessor-version":[{"id":21426,"href":"https:\/\/cavera.org.ar\/index.php?rest_route=\/wp\/v2\/posts\/21221\/revisions\/21426"}],"wp:featuredmedia":[{"embeddable":true,"href":"https:\/\/cavera.org.ar\/index.php?rest_route=\/wp\/v2\/media\/21422"}],"wp:attachment":[{"href":"https:\/\/cavera.org.ar\/index.php?rest_route=%2Fwp%2Fv2%2Fmedia&parent=21221"}],"wp:term":[{"taxonomy":"category","embeddable":true,"href":"https:\/\/cavera.org.ar\/index.php?rest_route=%2Fwp%2Fv2%2Fcategories&post=21221"},{"taxonomy":"post_tag","embeddable":true,"href":"https:\/\/cavera.org.ar\/index.php?rest_route=%2Fwp%2Fv2%2Ftags&post=21221"}],"curies":[{"name":"wp","href":"https:\/\/api.w.org\/{rel}","templated":true}]}}