{"id":23853,"date":"2024-08-08T07:15:23","date_gmt":"2024-08-08T07:15:23","guid":{"rendered":"https:\/\/cavera.org.ar\/?p=23853"},"modified":"2024-08-08T10:49:13","modified_gmt":"2024-08-08T10:49:13","slug":"encuentro-de-cavera-con-el-cippec","status":"publish","type":"post","link":"https:\/\/cavera.org.ar\/?p=23853","title":{"rendered":"Encuentro de CAVERA con el CIPPEC"},"content":{"rendered":"<p><!--more--><\/p>\n<p>Los representantes por la C\u00e1mara de la Vivienda y Equipamiento Urbano de la Rep\u00fablica Argentina (CAVERA), Presidente: Dr. Ricardo D. Andino, Director Ejecutivo: Arq. Eduardo J. Sprovieri y Gerente T\u00e9cnico: Arq. Edgardo Nardi participaron de una reuni\u00f3n el pasado 08 de Julio en el Centro de Implementaci\u00f3n de Pol\u00edticas P\u00fablicas para la Equidad y el Crecimiento (CIPPEC), donde fueron recibidos por el Director de Desarrollo Institucional: Dr. Patricio Barreiro.<\/p>\n<p>El objetivo del encuentro fue la presentaci\u00f3n formal y presencial entre CAVERA y el director del CIPPEC.<\/p>\n<p>En la reuni\u00f3n que fue cordial y extensa, CAVERA pudo informar a las autoridades sobre qu\u00e9 es, que hace y que hizo en sus recientes 51 a\u00f1os, ratificando el compromiso con toda medida que contribuya a optimizar el trabajo de nuestros socios, ampliar el \u00e1mbito de realizaci\u00f3n de la actividad acad\u00e9mica a todas las etapas de la actividad de la construcci\u00f3n de la vivienda social pero especialmente con aquellas que apunten a consagrar m\u00e1s viviendas para m\u00e1s.<\/p>\n<p>A su turno la autoridad, del CIPPEC, se mostr\u00f3 satisfecho con nuestras expresiones, adelantando algunos lineamientos de las misiones y funciones de la Instituci\u00f3n, haciendo hincapi\u00e9 en el programa referido a Ciudades.<\/p>\n<p>A la brevedad se confirmar\u00e1 un encuentro t\u00e9cnico con las \u00e1reas espec\u00edficas del CIPPEC para la confecci\u00f3n de una agenda de trabajo com\u00fan, con el objetivo de llevar a cabo los objetivos sugeridos.<\/p>\n<p>Finalmente, agradeci\u00f3 la colaboraci\u00f3n propuesta por CAVERA y se mostr\u00f3 interesado en que tal colaboraci\u00f3n se materialice en propuestas concretas, anticipando su intenci\u00f3n de trabajar en conjunto en todo cuanto sea posible.<\/p>\n","protected":false},"excerpt":{"rendered":"","protected":false},"author":2,"featured_media":23854,"comment_status":"closed","ping_status":"closed","sticky":false,"template":"","format":"standard","meta":[],"categories":[18,8,4],"tags":[],"_links":{"self":[{"href":"https:\/\/cavera.org.ar\/index.php?rest_route=\/wp\/v2\/posts\/23853"}],"collection":[{"href":"https:\/\/cavera.org.ar\/index.php?rest_route=\/wp\/v2\/posts"}],"about":[{"href":"https:\/\/cavera.org.ar\/index.php?rest_route=\/wp\/v2\/types\/post"}],"author":[{"embeddable":true,"href":"https:\/\/cavera.org.ar\/index.php?rest_route=\/wp\/v2\/users\/2"}],"replies":[{"embeddable":true,"href":"https:\/\/cavera.org.ar\/index.php?rest_route=%2Fwp%2Fv2%2Fcomments&post=23853"}],"version-history":[{"count":2,"href":"https:\/\/cavera.org.ar\/index.php?rest_route=\/wp\/v2\/posts\/23853\/revisions"}],"predecessor-version":[{"id":23856,"href":"https:\/\/cavera.org.ar\/index.php?rest_route=\/wp\/v2\/posts\/23853\/revisions\/23856"}],"wp:featuredmedia":[{"embeddable":true,"href":"https:\/\/cavera.org.ar\/index.php?rest_route=\/wp\/v2\/media\/23854"}],"wp:attachment":[{"href":"https:\/\/cavera.org.ar\/index.php?rest_route=%2Fwp%2Fv2%2Fmedia&parent=23853"}],"wp:term":[{"taxonomy":"category","embeddable":true,"href":"https:\/\/cavera.org.ar\/index.php?rest_route=%2Fwp%2Fv2%2Fcategories&post=23853"},{"taxonomy":"post_tag","embeddable":true,"href":"https:\/\/cavera.org.ar\/index.php?rest_route=%2Fwp%2Fv2%2Ftags&post=23853"}],"curies":[{"name":"wp","href":"https:\/\/api.w.org\/{rel}","templated":true}]}}