{"id":24555,"date":"2024-08-21T18:40:12","date_gmt":"2024-08-21T18:40:12","guid":{"rendered":"https:\/\/cavera.org.ar\/?p=24555"},"modified":"2024-08-21T21:41:02","modified_gmt":"2024-08-21T21:41:02","slug":"webinar-colorin-vitrolux-recomendaciones-de-aplicacion-y-analisis-de-patologias","status":"publish","type":"post","link":"https:\/\/cavera.org.ar\/?p=24555","title":{"rendered":"Webinar COLOR\u00cdN \u201cVITROLUX \u2013 Recomendaciones de aplicaci\u00f3n y an\u00e1lisis de patolog\u00edas\u201d"},"content":{"rendered":"<p><iframe loading=\"lazy\" title=\"YouTube video player\" src=\"https:\/\/www.youtube.com\/embed\/p9wnaqY3uZw?si=4FVf-9Ux0kGCcSUC\" width=\"560\" height=\"315\" frameborder=\"0\" allowfullscreen=\"allowfullscreen\"><\/iframe><\/p>\n","protected":false},"excerpt":{"rendered":"","protected":false},"author":2,"featured_media":0,"comment_status":"closed","ping_status":"closed","sticky":false,"template":"","format":"standard","meta":[],"categories":[71],"tags":[],"_links":{"self":[{"href":"https:\/\/cavera.org.ar\/index.php?rest_route=\/wp\/v2\/posts\/24555"}],"collection":[{"href":"https:\/\/cavera.org.ar\/index.php?rest_route=\/wp\/v2\/posts"}],"about":[{"href":"https:\/\/cavera.org.ar\/index.php?rest_route=\/wp\/v2\/types\/post"}],"author":[{"embeddable":true,"href":"https:\/\/cavera.org.ar\/index.php?rest_route=\/wp\/v2\/users\/2"}],"replies":[{"embeddable":true,"href":"https:\/\/cavera.org.ar\/index.php?rest_route=%2Fwp%2Fv2%2Fcomments&post=24555"}],"version-history":[{"count":4,"href":"https:\/\/cavera.org.ar\/index.php?rest_route=\/wp\/v2\/posts\/24555\/revisions"}],"predecessor-version":[{"id":24846,"href":"https:\/\/cavera.org.ar\/index.php?rest_route=\/wp\/v2\/posts\/24555\/revisions\/24846"}],"wp:attachment":[{"href":"https:\/\/cavera.org.ar\/index.php?rest_route=%2Fwp%2Fv2%2Fmedia&parent=24555"}],"wp:term":[{"taxonomy":"category","embeddable":true,"href":"https:\/\/cavera.org.ar\/index.php?rest_route=%2Fwp%2Fv2%2Fcategories&post=24555"},{"taxonomy":"post_tag","embeddable":true,"href":"https:\/\/cavera.org.ar\/index.php?rest_route=%2Fwp%2Fv2%2Ftags&post=24555"}],"curies":[{"name":"wp","href":"https:\/\/api.w.org\/{rel}","templated":true}]}}