{"id":26370,"date":"2024-11-07T10:44:45","date_gmt":"2024-11-07T10:44:45","guid":{"rendered":"https:\/\/cavera.org.ar\/?p=26370"},"modified":"2024-11-07T13:49:02","modified_gmt":"2024-11-07T13:49:02","slug":"evento-cpi","status":"publish","type":"post","link":"https:\/\/cavera.org.ar\/?p=26370","title":{"rendered":"Evento CPI"},"content":{"rendered":"<p><!--more--><\/p>\n<p>El 22 de octubre, en el evento organizado por el Consejo de Pol\u00edticas de Infraestructura (CPI) titulado \u201cINVERSI\u00d3N PRIVADA EN INFRAESTRUCTURA &#8211; CONSENSOS 2024\u201d, el Director Ejecutivo de CAVERA, Arq. Eduardo J. Sprovieri, acompa\u00f1ado por el Presidente, Dr. Ricardo D. Andino, present\u00f3 las ideas de la instituci\u00f3n en la Mesa T\u00e9cnica de Vivienda e Infraestructura Urbana. A continuaci\u00f3n, compartimos la grabaci\u00f3n del evento.<\/p>\n<p><iframe loading=\"lazy\" title=\"YouTube video player\" src=\"https:\/\/www.youtube.com\/embed\/Saeam2vi2qU?si=VyjrbhSRYOFdhpOM\" width=\"560\" height=\"315\" frameborder=\"0\" allowfullscreen=\"allowfullscreen\"><\/iframe><\/p>\n","protected":false},"excerpt":{"rendered":"","protected":false},"author":2,"featured_media":26372,"comment_status":"closed","ping_status":"closed","sticky":false,"template":"","format":"standard","meta":[],"categories":[14,4],"tags":[],"_links":{"self":[{"href":"https:\/\/cavera.org.ar\/index.php?rest_route=\/wp\/v2\/posts\/26370"}],"collection":[{"href":"https:\/\/cavera.org.ar\/index.php?rest_route=\/wp\/v2\/posts"}],"about":[{"href":"https:\/\/cavera.org.ar\/index.php?rest_route=\/wp\/v2\/types\/post"}],"author":[{"embeddable":true,"href":"https:\/\/cavera.org.ar\/index.php?rest_route=\/wp\/v2\/users\/2"}],"replies":[{"embeddable":true,"href":"https:\/\/cavera.org.ar\/index.php?rest_route=%2Fwp%2Fv2%2Fcomments&post=26370"}],"version-history":[{"count":3,"href":"https:\/\/cavera.org.ar\/index.php?rest_route=\/wp\/v2\/posts\/26370\/revisions"}],"predecessor-version":[{"id":26374,"href":"https:\/\/cavera.org.ar\/index.php?rest_route=\/wp\/v2\/posts\/26370\/revisions\/26374"}],"wp:featuredmedia":[{"embeddable":true,"href":"https:\/\/cavera.org.ar\/index.php?rest_route=\/wp\/v2\/media\/26372"}],"wp:attachment":[{"href":"https:\/\/cavera.org.ar\/index.php?rest_route=%2Fwp%2Fv2%2Fmedia&parent=26370"}],"wp:term":[{"taxonomy":"category","embeddable":true,"href":"https:\/\/cavera.org.ar\/index.php?rest_route=%2Fwp%2Fv2%2Fcategories&post=26370"},{"taxonomy":"post_tag","embeddable":true,"href":"https:\/\/cavera.org.ar\/index.php?rest_route=%2Fwp%2Fv2%2Ftags&post=26370"}],"curies":[{"name":"wp","href":"https:\/\/api.w.org\/{rel}","templated":true}]}}