{"id":27135,"date":"2024-11-28T17:05:54","date_gmt":"2024-11-28T17:05:54","guid":{"rendered":"https:\/\/cavera.org.ar\/?p=27135"},"modified":"2025-04-23T14:16:25","modified_gmt":"2025-04-23T14:16:25","slug":"cavera-se-reunio-con-las-autoridades-de-la-secretaria-de-des-territorial-habitat-y-vivienda","status":"publish","type":"post","link":"https:\/\/cavera.org.ar\/?p=27135","title":{"rendered":"CAVERA se reuni\u00f3 con las autoridades de la Secretar\u00eda de Des. Territorial, H\u00e1bitat y Vivienda"},"content":{"rendered":"<p><!--more--><\/p>\n<p><a href=\"https:\/\/cavera.org.ar\/wp-content\/uploads\/2024\/11\/Informe-de-la-reunion-mantenida-por-CAVERA-con-el-Secretario-de-Des.-Territorial-Habitat-y-Vivieda-21.11.24-1.pdf\">Informe de la reuni\u00f3n mantenida por CAVERA con el Secretario de Des. Territorial, H\u00e1bitat y Vivienda 21.11.24<\/a><\/p>\n","protected":false},"excerpt":{"rendered":"","protected":false},"author":2,"featured_media":27137,"comment_status":"closed","ping_status":"closed","sticky":false,"template":"","format":"standard","meta":[],"categories":[18,8],"tags":[],"_links":{"self":[{"href":"https:\/\/cavera.org.ar\/index.php?rest_route=\/wp\/v2\/posts\/27135"}],"collection":[{"href":"https:\/\/cavera.org.ar\/index.php?rest_route=\/wp\/v2\/posts"}],"about":[{"href":"https:\/\/cavera.org.ar\/index.php?rest_route=\/wp\/v2\/types\/post"}],"author":[{"embeddable":true,"href":"https:\/\/cavera.org.ar\/index.php?rest_route=\/wp\/v2\/users\/2"}],"replies":[{"embeddable":true,"href":"https:\/\/cavera.org.ar\/index.php?rest_route=%2Fwp%2Fv2%2Fcomments&post=27135"}],"version-history":[{"count":3,"href":"https:\/\/cavera.org.ar\/index.php?rest_route=\/wp\/v2\/posts\/27135\/revisions"}],"predecessor-version":[{"id":27167,"href":"https:\/\/cavera.org.ar\/index.php?rest_route=\/wp\/v2\/posts\/27135\/revisions\/27167"}],"wp:featuredmedia":[{"embeddable":true,"href":"https:\/\/cavera.org.ar\/index.php?rest_route=\/wp\/v2\/media\/27137"}],"wp:attachment":[{"href":"https:\/\/cavera.org.ar\/index.php?rest_route=%2Fwp%2Fv2%2Fmedia&parent=27135"}],"wp:term":[{"taxonomy":"category","embeddable":true,"href":"https:\/\/cavera.org.ar\/index.php?rest_route=%2Fwp%2Fv2%2Fcategories&post=27135"},{"taxonomy":"post_tag","embeddable":true,"href":"https:\/\/cavera.org.ar\/index.php?rest_route=%2Fwp%2Fv2%2Ftags&post=27135"}],"curies":[{"name":"wp","href":"https:\/\/api.w.org\/{rel}","templated":true}]}}