{"id":279,"date":"2020-08-01T01:08:44","date_gmt":"2020-08-01T01:08:44","guid":{"rendered":"https:\/\/cavera.org.ar\/web\/?p=279"},"modified":"2022-06-09T11:10:11","modified_gmt":"2022-06-09T11:10:11","slug":"nota-a-la-superintendenta-de-seguros-de-la-nacion","status":"publish","type":"post","link":"https:\/\/cavera.org.ar\/?p=279","title":{"rendered":"NOTA A LA SUPERINTENDENTA DE SEGUROS DE LA NACI\u00d3N"},"content":{"rendered":"<p>NOTA A LA SUPERINTENDENTA DE SEGUROS DE LA NACI\u00d3N ACT. MIRTA ADRIANA GUIDA<br \/>\nRELACIONADA A LA EXCLUSI\u00d3N DE COBERTURA POR P\u00c9RDIDA DE POSESI\u00d3N DEL<br \/>\nOBRADOR U OBRA<\/p>\n<p><a href=\"http:\/\/www.cavera.org.ar\/images\/slider\/julio20\/8.pdf\"><img decoding=\"async\" loading=\"lazy\" class=\"alignnone wp-image-117 size-medium\" src=\"https:\/\/cavera.org.ar\/web\/wp-content\/uploads\/2020\/07\/pdf-300x169.jpg\" alt=\"\" width=\"300\" height=\"169\" srcset=\"https:\/\/cavera.org.ar\/wp-content\/uploads\/2020\/07\/pdf-300x169.jpg 300w, https:\/\/cavera.org.ar\/wp-content\/uploads\/2020\/07\/pdf.jpg 450w\" sizes=\"(max-width: 300px) 100vw, 300px\" \/><\/a><\/p>\n","protected":false},"excerpt":{"rendered":"<p>NOTA A LA SUPERINTENDENTA DE SEGUROS DE LA NACI\u00d3N ACT. MIRTA ADRIANA GUIDA RELACIONADA A LA EXCLUSI\u00d3N DE COBERTURA POR<\/p>\n","protected":false},"author":2,"featured_media":280,"comment_status":"closed","ping_status":"closed","sticky":false,"template":"","format":"standard","meta":[],"categories":[3],"tags":[],"_links":{"self":[{"href":"https:\/\/cavera.org.ar\/index.php?rest_route=\/wp\/v2\/posts\/279"}],"collection":[{"href":"https:\/\/cavera.org.ar\/index.php?rest_route=\/wp\/v2\/posts"}],"about":[{"href":"https:\/\/cavera.org.ar\/index.php?rest_route=\/wp\/v2\/types\/post"}],"author":[{"embeddable":true,"href":"https:\/\/cavera.org.ar\/index.php?rest_route=\/wp\/v2\/users\/2"}],"replies":[{"embeddable":true,"href":"https:\/\/cavera.org.ar\/index.php?rest_route=%2Fwp%2Fv2%2Fcomments&post=279"}],"version-history":[{"count":1,"href":"https:\/\/cavera.org.ar\/index.php?rest_route=\/wp\/v2\/posts\/279\/revisions"}],"predecessor-version":[{"id":281,"href":"https:\/\/cavera.org.ar\/index.php?rest_route=\/wp\/v2\/posts\/279\/revisions\/281"}],"wp:featuredmedia":[{"embeddable":true,"href":"https:\/\/cavera.org.ar\/index.php?rest_route=\/wp\/v2\/media\/280"}],"wp:attachment":[{"href":"https:\/\/cavera.org.ar\/index.php?rest_route=%2Fwp%2Fv2%2Fmedia&parent=279"}],"wp:term":[{"taxonomy":"category","embeddable":true,"href":"https:\/\/cavera.org.ar\/index.php?rest_route=%2Fwp%2Fv2%2Fcategories&post=279"},{"taxonomy":"post_tag","embeddable":true,"href":"https:\/\/cavera.org.ar\/index.php?rest_route=%2Fwp%2Fv2%2Ftags&post=279"}],"curies":[{"name":"wp","href":"https:\/\/api.w.org\/{rel}","templated":true}]}}