{"id":28580,"date":"2025-06-06T21:20:47","date_gmt":"2025-06-06T21:20:47","guid":{"rendered":"https:\/\/cavera.org.ar\/?p=28580"},"modified":"2025-06-26T16:21:58","modified_gmt":"2025-06-26T16:21:58","slug":"curso-fachadas-saludables-diseno-y-construccion-para-control-de-condensacion-y-moho","status":"publish","type":"post","link":"https:\/\/cavera.org.ar\/?p=28580","title":{"rendered":"Curso Fachadas saludables: dise\u00f1o y construcci\u00f3n para control de condensaci\u00f3n y moho"},"content":{"rendered":"<p><!--more--><\/p>\n<p><a href=\"https:\/\/cavera.org.ar\/wp-content\/uploads\/2025\/06\/Curso-Fachadas-saludables-diseno-y-construccion-para-control-de-condensacion-y-moho.pdf\">Curso Fachadas saludables &#8211; dise\u00f1o y construcci\u00f3n para control de condensaci\u00f3n y moho<\/a><\/p>\n<p>&nbsp;<\/p>\n","protected":false},"excerpt":{"rendered":"","protected":false},"author":2,"featured_media":0,"comment_status":"closed","ping_status":"closed","sticky":false,"template":"","format":"standard","meta":[],"categories":[72],"tags":[],"_links":{"self":[{"href":"https:\/\/cavera.org.ar\/index.php?rest_route=\/wp\/v2\/posts\/28580"}],"collection":[{"href":"https:\/\/cavera.org.ar\/index.php?rest_route=\/wp\/v2\/posts"}],"about":[{"href":"https:\/\/cavera.org.ar\/index.php?rest_route=\/wp\/v2\/types\/post"}],"author":[{"embeddable":true,"href":"https:\/\/cavera.org.ar\/index.php?rest_route=\/wp\/v2\/users\/2"}],"replies":[{"embeddable":true,"href":"https:\/\/cavera.org.ar\/index.php?rest_route=%2Fwp%2Fv2%2Fcomments&post=28580"}],"version-history":[{"count":4,"href":"https:\/\/cavera.org.ar\/index.php?rest_route=\/wp\/v2\/posts\/28580\/revisions"}],"predecessor-version":[{"id":29840,"href":"https:\/\/cavera.org.ar\/index.php?rest_route=\/wp\/v2\/posts\/28580\/revisions\/29840"}],"wp:attachment":[{"href":"https:\/\/cavera.org.ar\/index.php?rest_route=%2Fwp%2Fv2%2Fmedia&parent=28580"}],"wp:term":[{"taxonomy":"category","embeddable":true,"href":"https:\/\/cavera.org.ar\/index.php?rest_route=%2Fwp%2Fv2%2Fcategories&post=28580"},{"taxonomy":"post_tag","embeddable":true,"href":"https:\/\/cavera.org.ar\/index.php?rest_route=%2Fwp%2Fv2%2Ftags&post=28580"}],"curies":[{"name":"wp","href":"https:\/\/api.w.org\/{rel}","templated":true}]}}