{"id":29360,"date":"2025-07-11T09:55:56","date_gmt":"2025-07-11T09:55:56","guid":{"rendered":"https:\/\/cavera.org.ar\/?p=29360"},"modified":"2025-07-11T13:24:41","modified_gmt":"2025-07-11T13:24:41","slug":"cavera-se-reunio-con-el-jefe-de-gobierno-de-la-caba","status":"publish","type":"post","link":"https:\/\/cavera.org.ar\/?p=29360","title":{"rendered":"CAVERA se reuni\u00f3 con el Jefe de Gobierno de la CABA"},"content":{"rendered":"<p><!--more--><\/p>\n<p>Como resultado de la conversaci\u00f3n mantenida, \u00a0hemos recibido una convocatoria a un nuevo y pr\u00f3ximo encuentro con todas las autoridades de las \u00e1reas con competencias en vivienda de la CABA, dispuesta por Jorge Macri en respuesta a las inquietudes que le plante\u00e1ramos<\/p>\n","protected":false},"excerpt":{"rendered":"","protected":false},"author":2,"featured_media":29363,"comment_status":"closed","ping_status":"closed","sticky":false,"template":"","format":"standard","meta":[],"categories":[18,8,4],"tags":[],"_links":{"self":[{"href":"https:\/\/cavera.org.ar\/index.php?rest_route=\/wp\/v2\/posts\/29360"}],"collection":[{"href":"https:\/\/cavera.org.ar\/index.php?rest_route=\/wp\/v2\/posts"}],"about":[{"href":"https:\/\/cavera.org.ar\/index.php?rest_route=\/wp\/v2\/types\/post"}],"author":[{"embeddable":true,"href":"https:\/\/cavera.org.ar\/index.php?rest_route=\/wp\/v2\/users\/2"}],"replies":[{"embeddable":true,"href":"https:\/\/cavera.org.ar\/index.php?rest_route=%2Fwp%2Fv2%2Fcomments&post=29360"}],"version-history":[{"count":1,"href":"https:\/\/cavera.org.ar\/index.php?rest_route=\/wp\/v2\/posts\/29360\/revisions"}],"predecessor-version":[{"id":29362,"href":"https:\/\/cavera.org.ar\/index.php?rest_route=\/wp\/v2\/posts\/29360\/revisions\/29362"}],"wp:featuredmedia":[{"embeddable":true,"href":"https:\/\/cavera.org.ar\/index.php?rest_route=\/wp\/v2\/media\/29363"}],"wp:attachment":[{"href":"https:\/\/cavera.org.ar\/index.php?rest_route=%2Fwp%2Fv2%2Fmedia&parent=29360"}],"wp:term":[{"taxonomy":"category","embeddable":true,"href":"https:\/\/cavera.org.ar\/index.php?rest_route=%2Fwp%2Fv2%2Fcategories&post=29360"},{"taxonomy":"post_tag","embeddable":true,"href":"https:\/\/cavera.org.ar\/index.php?rest_route=%2Fwp%2Fv2%2Ftags&post=29360"}],"curies":[{"name":"wp","href":"https:\/\/api.w.org\/{rel}","templated":true}]}}