{"id":29788,"date":"2025-08-12T13:20:31","date_gmt":"2025-08-12T13:20:31","guid":{"rendered":"https:\/\/cavera.org.ar\/?p=29788"},"modified":"2025-08-18T00:11:52","modified_gmt":"2025-08-18T00:11:52","slug":"curso-diseno-y-dimensionado-de-estructuras-de-hormigon-armado-de-bajo-porte-modulo-2-2","status":"publish","type":"post","link":"https:\/\/cavera.org.ar\/?p=29788","title":{"rendered":"Curso Dise\u00f1o y dimensionado de estructuras de hormig\u00f3n armado de bajo porte \u2013 M\u00f3dulo 2"},"content":{"rendered":"<p><!--more--><a href=\"https:\/\/cavera.org.ar\/wp-content\/uploads\/2025\/08\/Curso-Diseno-y-dimensionado-de-estructuras-de-hormigon-armado-de-bajo-porte-Modulo-2.pdf\">Curso Dise\u00f1o y dimensionado de estructuras de hormig\u00f3n armado de bajo porte &#8211; M\u00f3dulo 2<\/a><\/p>\n","protected":false},"excerpt":{"rendered":"","protected":false},"author":2,"featured_media":0,"comment_status":"closed","ping_status":"closed","sticky":false,"template":"","format":"standard","meta":[],"categories":[72],"tags":[],"_links":{"self":[{"href":"https:\/\/cavera.org.ar\/index.php?rest_route=\/wp\/v2\/posts\/29788"}],"collection":[{"href":"https:\/\/cavera.org.ar\/index.php?rest_route=\/wp\/v2\/posts"}],"about":[{"href":"https:\/\/cavera.org.ar\/index.php?rest_route=\/wp\/v2\/types\/post"}],"author":[{"embeddable":true,"href":"https:\/\/cavera.org.ar\/index.php?rest_route=\/wp\/v2\/users\/2"}],"replies":[{"embeddable":true,"href":"https:\/\/cavera.org.ar\/index.php?rest_route=%2Fwp%2Fv2%2Fcomments&post=29788"}],"version-history":[{"count":5,"href":"https:\/\/cavera.org.ar\/index.php?rest_route=\/wp\/v2\/posts\/29788\/revisions"}],"predecessor-version":[{"id":30716,"href":"https:\/\/cavera.org.ar\/index.php?rest_route=\/wp\/v2\/posts\/29788\/revisions\/30716"}],"wp:attachment":[{"href":"https:\/\/cavera.org.ar\/index.php?rest_route=%2Fwp%2Fv2%2Fmedia&parent=29788"}],"wp:term":[{"taxonomy":"category","embeddable":true,"href":"https:\/\/cavera.org.ar\/index.php?rest_route=%2Fwp%2Fv2%2Fcategories&post=29788"},{"taxonomy":"post_tag","embeddable":true,"href":"https:\/\/cavera.org.ar\/index.php?rest_route=%2Fwp%2Fv2%2Ftags&post=29788"}],"curies":[{"name":"wp","href":"https:\/\/api.w.org\/{rel}","templated":true}]}}