{"id":31929,"date":"2025-11-03T13:22:38","date_gmt":"2025-11-03T13:22:38","guid":{"rendered":"https:\/\/cavera.org.ar\/?p=31929"},"modified":"2025-11-27T21:08:18","modified_gmt":"2025-11-27T21:08:18","slug":"curso-edificacion-sustentable-en-la-construccion-y-uso-de-la-vivienda-envolventes-de-bajo-impacto-ambiental-social-y-economico","status":"publish","type":"post","link":"https:\/\/cavera.org.ar\/?p=31929","title":{"rendered":"Curso Edificaci\u00f3n sustentable en la construcci\u00f3n y uso de la vivienda: envolventes de bajo impacto ambiental, social y econ\u00f3mico"},"content":{"rendered":"<p><!--more--><\/p>\n<p><a href=\"https:\/\/cavera.org.ar\/wp-content\/uploads\/2025\/11\/Curso-Edificacion-sustentable-en-la-construccion-y-uso-de-la-vivienda-Envolventes-de-bajo-impacto-ambiental-social-y-economico.pdf\">Curso Edificaci\u00f3n sustentable en la construcci\u00f3n y uso de la vivienda &#8211; Envolventes de bajo impacto ambiental, social y econ\u00f3mico<\/a><\/p>\n","protected":false},"excerpt":{"rendered":"","protected":false},"author":2,"featured_media":0,"comment_status":"closed","ping_status":"closed","sticky":false,"template":"","format":"standard","meta":[],"categories":[72],"tags":[],"_links":{"self":[{"href":"https:\/\/cavera.org.ar\/index.php?rest_route=\/wp\/v2\/posts\/31929"}],"collection":[{"href":"https:\/\/cavera.org.ar\/index.php?rest_route=\/wp\/v2\/posts"}],"about":[{"href":"https:\/\/cavera.org.ar\/index.php?rest_route=\/wp\/v2\/types\/post"}],"author":[{"embeddable":true,"href":"https:\/\/cavera.org.ar\/index.php?rest_route=\/wp\/v2\/users\/2"}],"replies":[{"embeddable":true,"href":"https:\/\/cavera.org.ar\/index.php?rest_route=%2Fwp%2Fv2%2Fcomments&post=31929"}],"version-history":[{"count":6,"href":"https:\/\/cavera.org.ar\/index.php?rest_route=\/wp\/v2\/posts\/31929\/revisions"}],"predecessor-version":[{"id":33077,"href":"https:\/\/cavera.org.ar\/index.php?rest_route=\/wp\/v2\/posts\/31929\/revisions\/33077"}],"wp:attachment":[{"href":"https:\/\/cavera.org.ar\/index.php?rest_route=%2Fwp%2Fv2%2Fmedia&parent=31929"}],"wp:term":[{"taxonomy":"category","embeddable":true,"href":"https:\/\/cavera.org.ar\/index.php?rest_route=%2Fwp%2Fv2%2Fcategories&post=31929"},{"taxonomy":"post_tag","embeddable":true,"href":"https:\/\/cavera.org.ar\/index.php?rest_route=%2Fwp%2Fv2%2Ftags&post=31929"}],"curies":[{"name":"wp","href":"https:\/\/api.w.org\/{rel}","templated":true}]}}