{"id":31986,"date":"2025-11-04T21:10:09","date_gmt":"2025-11-04T21:10:09","guid":{"rendered":"https:\/\/cavera.org.ar\/?p=31986"},"modified":"2025-11-05T16:47:31","modified_gmt":"2025-11-05T16:47:31","slug":"cavera-en-el-centro-argentino-de-ingenieros-3er-encuentro-sobre-desarrollo-inmobiliario-urbano","status":"publish","type":"post","link":"https:\/\/cavera.org.ar\/?p=31986","title":{"rendered":"CAVERA en el Centro Argentino de Ingenieros \u2013 3er. Encuentro sobre Desarrollo Inmobiliario Urbano"},"content":{"rendered":"<p><!--more--><\/p>\n<p>El pasado jueves 16 de octubre se organiz\u00f3 en el \ud835\uddd6\ud835\uddf2\ud835\uddfb\ud835\ude01\ud835\uddff\ud835\uddfc \ud835\uddd4\ud835\uddff\ud835\uddf4\ud835\uddf2\ud835\uddfb\ud835\ude01\ud835\uddf6\ud835\uddfb\ud835\uddfc \ud835\uddf1\ud835\uddf2 \ud835\udddc\ud835\uddfb\ud835\uddf4\ud835\uddf2\ud835\uddfb\ud835\uddf6\ud835\uddf2\ud835\uddff\ud835\uddfc\ud835\ude00 (CAI) el \ud835\udfef\ud835\uddf2\ud835\uddff \ud835\uddd8\ud835\uddfb\ud835\uddf0\ud835\ude02\ud835\uddf2\ud835\uddfb\ud835\ude01\ud835\uddff\ud835\uddfc \ud835\ude00\ud835\uddfc\ud835\uddef\ud835\uddff\ud835\uddf2 \ud835\uddd7\ud835\uddf2\ud835\ude00\ud835\uddee\ud835\uddff\ud835\uddff\ud835\uddfc\ud835\uddf9\ud835\uddf9\ud835\uddfc \ud835\udddc\ud835\uddfb\ud835\uddfa\ud835\uddfc\ud835\uddef\ud835\uddf6\ud835\uddf9\ud835\uddf6\ud835\uddee\ud835\uddff\ud835\uddf6\ud835\uddfc \ud835\udde8\ud835\uddff\ud835\uddef\ud835\uddee\ud835\uddfb\ud835\uddfc, que cont\u00f3 con tres paneles: Urbanismo y Sustentabilidad, Innovaci\u00f3n y Acceso a la Vivienda, y Normativa e Industria 4.0.\u2063<br \/>\n\ud835\uddd6\ud835\uddd4\ud835\udde9\ud835\uddd8\ud835\udde5\ud835\uddd4 particip\u00f3 del encuentro, abierto al p\u00fablico, a trav\u00e9s de su \ud835\udde3\ud835\uddff\ud835\uddf2\ud835\ude00\ud835\uddf6\ud835\uddf1\ud835\uddf2\ud835\uddfb\ud835\ude01\ud835\uddf2, \ud835\uddf2\ud835\uddf9 \ud835\uddd7\ud835\uddff. \ud835\udde5\ud835\uddf6\ud835\uddf0\ud835\uddee\ud835\uddff\ud835\uddf1\ud835\uddfc \ud835\uddd4\ud835\uddfb\ud835\uddf1\ud835\uddf6\ud835\uddfb\ud835\uddfc, como disertante, acompa\u00f1ado por el Director Ejecutivo, Arq. Eduardo Sprovieri, y el Gerente t\u00e9cnico, Arq. Edgardo Nardi.\u2063<br \/>\nEl evento constituy\u00f3 una oportunidad \u00fanica para que profesionales, decisores p\u00fablicos y actores del sector privado pudieran conocer y comprender las propuestas presentadas en los diferentes paneles.\u2063<\/p>\n","protected":false},"excerpt":{"rendered":"","protected":false},"author":2,"featured_media":31987,"comment_status":"closed","ping_status":"closed","sticky":false,"template":"","format":"standard","meta":[],"categories":[14,4],"tags":[],"_links":{"self":[{"href":"https:\/\/cavera.org.ar\/index.php?rest_route=\/wp\/v2\/posts\/31986"}],"collection":[{"href":"https:\/\/cavera.org.ar\/index.php?rest_route=\/wp\/v2\/posts"}],"about":[{"href":"https:\/\/cavera.org.ar\/index.php?rest_route=\/wp\/v2\/types\/post"}],"author":[{"embeddable":true,"href":"https:\/\/cavera.org.ar\/index.php?rest_route=\/wp\/v2\/users\/2"}],"replies":[{"embeddable":true,"href":"https:\/\/cavera.org.ar\/index.php?rest_route=%2Fwp%2Fv2%2Fcomments&post=31986"}],"version-history":[{"count":2,"href":"https:\/\/cavera.org.ar\/index.php?rest_route=\/wp\/v2\/posts\/31986\/revisions"}],"predecessor-version":[{"id":31989,"href":"https:\/\/cavera.org.ar\/index.php?rest_route=\/wp\/v2\/posts\/31986\/revisions\/31989"}],"wp:featuredmedia":[{"embeddable":true,"href":"https:\/\/cavera.org.ar\/index.php?rest_route=\/wp\/v2\/media\/31987"}],"wp:attachment":[{"href":"https:\/\/cavera.org.ar\/index.php?rest_route=%2Fwp%2Fv2%2Fmedia&parent=31986"}],"wp:term":[{"taxonomy":"category","embeddable":true,"href":"https:\/\/cavera.org.ar\/index.php?rest_route=%2Fwp%2Fv2%2Fcategories&post=31986"},{"taxonomy":"post_tag","embeddable":true,"href":"https:\/\/cavera.org.ar\/index.php?rest_route=%2Fwp%2Fv2%2Ftags&post=31986"}],"curies":[{"name":"wp","href":"https:\/\/api.w.org\/{rel}","templated":true}]}}