{"id":362,"date":"2020-08-01T12:23:00","date_gmt":"2020-08-01T12:23:00","guid":{"rendered":"https:\/\/cavera.org.ar\/web\/?p=362"},"modified":"2020-08-01T12:24:24","modified_gmt":"2020-08-01T12:24:24","slug":"invitacion-del-presidente-de-la-nacion-y-respuesta-del-foro-de-convergencia-empresarial-la-entidad-a-que-esta-adherida-cavera-y-la-invitacion-al-dialogo-y-al-acuerdo","status":"publish","type":"post","link":"https:\/\/cavera.org.ar\/?p=362","title":{"rendered":"INVITACION DEL PRESIDENTE DE LA NACION Y RESPUESTA DEL FORO DE CONVERGENCIA EMPRESARIAL. LA ENTIDAD A QUE EST\u00c1 ADHERIDA CAVERA Y LA INVITACI\u00d3N AL DI\u00c1LOGO Y AL ACUERDO."},"content":{"rendered":"<p>INVITACION DEL PRESIDENTE DE LA NACION Y RESPUESTA DEL FORO DE CONVERGENCIA EMPRESARIAL. LA ENTIDAD A QUE EST\u00c1 ADHERIDA CAVERA Y LA INVITACI\u00d3N AL DI\u00c1LOGO Y AL ACUERDO.<\/p>\n<p><a href=\"http:\/\/www.cavera.org.ar\/images\/slider\/mayo2\/2.pdf\"><img decoding=\"async\" loading=\"lazy\" class=\"alignnone wp-image-117 size-medium\" src=\"https:\/\/cavera.org.ar\/web\/wp-content\/uploads\/2020\/07\/pdf-300x169.jpg\" alt=\"\" width=\"300\" height=\"169\" srcset=\"https:\/\/cavera.org.ar\/wp-content\/uploads\/2020\/07\/pdf-300x169.jpg 300w, https:\/\/cavera.org.ar\/wp-content\/uploads\/2020\/07\/pdf.jpg 450w\" sizes=\"(max-width: 300px) 100vw, 300px\" \/><\/a><\/p>\n","protected":false},"excerpt":{"rendered":"<p>INVITACION DEL PRESIDENTE DE LA NACION Y RESPUESTA DEL FORO DE CONVERGENCIA EMPRESARIAL. LA ENTIDAD A QUE EST\u00c1 ADHERIDA CAVERA<\/p>\n","protected":false},"author":2,"featured_media":0,"comment_status":"open","ping_status":"closed","sticky":false,"template":"","format":"standard","meta":[],"categories":[8],"tags":[],"_links":{"self":[{"href":"https:\/\/cavera.org.ar\/index.php?rest_route=\/wp\/v2\/posts\/362"}],"collection":[{"href":"https:\/\/cavera.org.ar\/index.php?rest_route=\/wp\/v2\/posts"}],"about":[{"href":"https:\/\/cavera.org.ar\/index.php?rest_route=\/wp\/v2\/types\/post"}],"author":[{"embeddable":true,"href":"https:\/\/cavera.org.ar\/index.php?rest_route=\/wp\/v2\/users\/2"}],"replies":[{"embeddable":true,"href":"https:\/\/cavera.org.ar\/index.php?rest_route=%2Fwp%2Fv2%2Fcomments&post=362"}],"version-history":[{"count":1,"href":"https:\/\/cavera.org.ar\/index.php?rest_route=\/wp\/v2\/posts\/362\/revisions"}],"predecessor-version":[{"id":363,"href":"https:\/\/cavera.org.ar\/index.php?rest_route=\/wp\/v2\/posts\/362\/revisions\/363"}],"wp:attachment":[{"href":"https:\/\/cavera.org.ar\/index.php?rest_route=%2Fwp%2Fv2%2Fmedia&parent=362"}],"wp:term":[{"taxonomy":"category","embeddable":true,"href":"https:\/\/cavera.org.ar\/index.php?rest_route=%2Fwp%2Fv2%2Fcategories&post=362"},{"taxonomy":"post_tag","embeddable":true,"href":"https:\/\/cavera.org.ar\/index.php?rest_route=%2Fwp%2Fv2%2Ftags&post=362"}],"curies":[{"name":"wp","href":"https:\/\/api.w.org\/{rel}","templated":true}]}}