{"id":422,"date":"2020-08-01T14:35:14","date_gmt":"2020-08-01T14:35:14","guid":{"rendered":"https:\/\/cavera.org.ar\/web\/?p=422"},"modified":"2023-06-22T23:10:58","modified_gmt":"2023-06-22T23:10:58","slug":"nota-al-subsecretario-de-politicas-de-vivienda-e-infraestructura-cpn-daniel-roberto-guastavino-relacionada-a-la-resol-2020-40-apm-mdtyh","status":"publish","type":"post","link":"https:\/\/cavera.org.ar\/?p=422","title":{"rendered":"NOTA AL SUBSECRETARIO DE POL\u00cdTICAS DE VIVIENDA E INFRAESTRUCTURA CPN DANIEL ROBERTO GUASTAVINO RELACIONADA A LA RESOL-2020-40-APM-MDTYH"},"content":{"rendered":"<p>NOTA AL SUBSECRETARIO DE POL\u00cdTICAS DE VIVIENDA E INFRAESTRUCTURA CPN DANIEL ROBERTO GUASTAVINO RELACIONADA A LA RESOL-2020-40-APM-MDTYH, POR LA QUE SE CREA EL \u201cPROGRAMA NACIONAL DE REACTIVACI\u00d3N Y TERMINACI\u00d3N DE OBRAS DE VIVIENDA, INFRAESTRUCTURA Y H\u00c1BITAT\u201d<\/p>\n<p><a href=\"http:\/\/www.cavera.org.ar\/images\/slider\/julio20\/8.pdf\"><img decoding=\"async\" loading=\"lazy\" class=\"alignnone wp-image-117 size-medium\" src=\"https:\/\/cavera.org.ar\/web\/wp-content\/uploads\/2020\/07\/pdf-300x169.jpg\" alt=\"\" width=\"300\" height=\"169\" srcset=\"https:\/\/cavera.org.ar\/wp-content\/uploads\/2020\/07\/pdf-300x169.jpg 300w, https:\/\/cavera.org.ar\/wp-content\/uploads\/2020\/07\/pdf.jpg 450w\" sizes=\"(max-width: 300px) 100vw, 300px\" \/><\/a><\/p>\n","protected":false},"excerpt":{"rendered":"<p>NOTA AL SUBSECRETARIO DE POL\u00cdTICAS DE VIVIENDA E INFRAESTRUCTURA CPN DANIEL ROBERTO GUASTAVINO RELACIONADA A LA RESOL-2020-40-APM-MDTYH, POR LA QUE<\/p>\n","protected":false},"author":2,"featured_media":0,"comment_status":"closed","ping_status":"closed","sticky":false,"template":"","format":"standard","meta":[],"categories":[8],"tags":[],"_links":{"self":[{"href":"https:\/\/cavera.org.ar\/index.php?rest_route=\/wp\/v2\/posts\/422"}],"collection":[{"href":"https:\/\/cavera.org.ar\/index.php?rest_route=\/wp\/v2\/posts"}],"about":[{"href":"https:\/\/cavera.org.ar\/index.php?rest_route=\/wp\/v2\/types\/post"}],"author":[{"embeddable":true,"href":"https:\/\/cavera.org.ar\/index.php?rest_route=\/wp\/v2\/users\/2"}],"replies":[{"embeddable":true,"href":"https:\/\/cavera.org.ar\/index.php?rest_route=%2Fwp%2Fv2%2Fcomments&post=422"}],"version-history":[{"count":1,"href":"https:\/\/cavera.org.ar\/index.php?rest_route=\/wp\/v2\/posts\/422\/revisions"}],"predecessor-version":[{"id":423,"href":"https:\/\/cavera.org.ar\/index.php?rest_route=\/wp\/v2\/posts\/422\/revisions\/423"}],"wp:attachment":[{"href":"https:\/\/cavera.org.ar\/index.php?rest_route=%2Fwp%2Fv2%2Fmedia&parent=422"}],"wp:term":[{"taxonomy":"category","embeddable":true,"href":"https:\/\/cavera.org.ar\/index.php?rest_route=%2Fwp%2Fv2%2Fcategories&post=422"},{"taxonomy":"post_tag","embeddable":true,"href":"https:\/\/cavera.org.ar\/index.php?rest_route=%2Fwp%2Fv2%2Ftags&post=422"}],"curies":[{"name":"wp","href":"https:\/\/api.w.org\/{rel}","templated":true}]}}