{"id":463,"date":"2020-08-03T22:10:10","date_gmt":"2020-08-03T22:10:10","guid":{"rendered":"https:\/\/cavera.org.ar\/web\/?p=463"},"modified":"2022-01-13T20:27:41","modified_gmt":"2022-01-13T20:27:41","slug":"res-40-20-del-ministerio-de-desarrollo-territorial-y-habitat","status":"publish","type":"post","link":"https:\/\/cavera.org.ar\/?p=463","title":{"rendered":"RES. 40\/20 \u201cPROGRAMA NACIONAL DE REACTIVACI\u00d3N Y TERMINACI\u00d3N DE OBRAS DE VIV., INFRAEST. Y H\u00c1B.\u201d"},"content":{"rendered":"<p><a href=\"https:\/\/cavera.org.ar\/images\/slider\/julio20\/4.pdf\"><img decoding=\"async\" loading=\"lazy\" class=\"alignnone wp-image-117 size-medium\" src=\"https:\/\/cavera.org.ar\/web\/wp-content\/uploads\/2020\/07\/pdf-300x169.jpg\" alt=\"\" width=\"300\" height=\"169\" srcset=\"https:\/\/cavera.org.ar\/wp-content\/uploads\/2020\/07\/pdf-300x169.jpg 300w, https:\/\/cavera.org.ar\/wp-content\/uploads\/2020\/07\/pdf.jpg 450w\" sizes=\"(max-width: 300px) 100vw, 300px\" \/><\/a><\/p>\n","protected":false},"excerpt":{"rendered":"","protected":false},"author":2,"featured_media":0,"comment_status":"closed","ping_status":"closed","sticky":false,"template":"","format":"standard","meta":[],"categories":[10],"tags":[],"_links":{"self":[{"href":"https:\/\/cavera.org.ar\/index.php?rest_route=\/wp\/v2\/posts\/463"}],"collection":[{"href":"https:\/\/cavera.org.ar\/index.php?rest_route=\/wp\/v2\/posts"}],"about":[{"href":"https:\/\/cavera.org.ar\/index.php?rest_route=\/wp\/v2\/types\/post"}],"author":[{"embeddable":true,"href":"https:\/\/cavera.org.ar\/index.php?rest_route=\/wp\/v2\/users\/2"}],"replies":[{"embeddable":true,"href":"https:\/\/cavera.org.ar\/index.php?rest_route=%2Fwp%2Fv2%2Fcomments&post=463"}],"version-history":[{"count":4,"href":"https:\/\/cavera.org.ar\/index.php?rest_route=\/wp\/v2\/posts\/463\/revisions"}],"predecessor-version":[{"id":12219,"href":"https:\/\/cavera.org.ar\/index.php?rest_route=\/wp\/v2\/posts\/463\/revisions\/12219"}],"wp:attachment":[{"href":"https:\/\/cavera.org.ar\/index.php?rest_route=%2Fwp%2Fv2%2Fmedia&parent=463"}],"wp:term":[{"taxonomy":"category","embeddable":true,"href":"https:\/\/cavera.org.ar\/index.php?rest_route=%2Fwp%2Fv2%2Fcategories&post=463"},{"taxonomy":"post_tag","embeddable":true,"href":"https:\/\/cavera.org.ar\/index.php?rest_route=%2Fwp%2Fv2%2Ftags&post=463"}],"curies":[{"name":"wp","href":"https:\/\/api.w.org\/{rel}","templated":true}]}}