{"id":5020,"date":"2021-04-20T18:12:09","date_gmt":"2021-04-20T18:12:09","guid":{"rendered":"https:\/\/cavera.org.ar\/?p=5020"},"modified":"2021-05-07T18:57:52","modified_gmt":"2021-05-07T18:57:52","slug":"curso-obras-de-ampliacion-refaccion-interiorismo-temas-a-considerar-en-su-ejecucion","status":"publish","type":"post","link":"https:\/\/cavera.org.ar\/?p=5020","title":{"rendered":"Curso \u201cOBRAS DE AMPLIACI\u00d3N &#8211; REFACCI\u00d3N  &#8211; INTERIORISMO. TEMAS A CONSIDERAR EN SU EJECUCI\u00d3N\u201d"},"content":{"rendered":"<p><a href=\"https:\/\/cavera.org.ar\/wp-content\/uploads\/2021\/04\/Curso-Obras-de-ampliaci\u00f3n-refacci\u00f3n-interiorismo.-Temas-a-considerar-en-su-ejecuci\u00f3n.pdf\">Curso Obras de ampliaci\u00f3n &#8211; refacci\u00f3n &#8211; interiorismo. Temas a considerar en su ejecuci\u00f3n<\/a><\/p>\n","protected":false},"excerpt":{"rendered":"<p>Curso Obras de ampliaci\u00f3n &#8211; refacci\u00f3n &#8211; interiorismo. Temas a considerar en su ejecuci\u00f3n<\/p>\n","protected":false},"author":2,"featured_media":0,"comment_status":"closed","ping_status":"closed","sticky":false,"template":"","format":"standard","meta":[],"categories":[59],"tags":[],"_links":{"self":[{"href":"https:\/\/cavera.org.ar\/index.php?rest_route=\/wp\/v2\/posts\/5020"}],"collection":[{"href":"https:\/\/cavera.org.ar\/index.php?rest_route=\/wp\/v2\/posts"}],"about":[{"href":"https:\/\/cavera.org.ar\/index.php?rest_route=\/wp\/v2\/types\/post"}],"author":[{"embeddable":true,"href":"https:\/\/cavera.org.ar\/index.php?rest_route=\/wp\/v2\/users\/2"}],"replies":[{"embeddable":true,"href":"https:\/\/cavera.org.ar\/index.php?rest_route=%2Fwp%2Fv2%2Fcomments&post=5020"}],"version-history":[{"count":4,"href":"https:\/\/cavera.org.ar\/index.php?rest_route=\/wp\/v2\/posts\/5020\/revisions"}],"predecessor-version":[{"id":5981,"href":"https:\/\/cavera.org.ar\/index.php?rest_route=\/wp\/v2\/posts\/5020\/revisions\/5981"}],"wp:attachment":[{"href":"https:\/\/cavera.org.ar\/index.php?rest_route=%2Fwp%2Fv2%2Fmedia&parent=5020"}],"wp:term":[{"taxonomy":"category","embeddable":true,"href":"https:\/\/cavera.org.ar\/index.php?rest_route=%2Fwp%2Fv2%2Fcategories&post=5020"},{"taxonomy":"post_tag","embeddable":true,"href":"https:\/\/cavera.org.ar\/index.php?rest_route=%2Fwp%2Fv2%2Ftags&post=5020"}],"curies":[{"name":"wp","href":"https:\/\/api.w.org\/{rel}","templated":true}]}}