{"id":583,"date":"2020-08-04T17:35:09","date_gmt":"2020-08-04T17:35:09","guid":{"rendered":"https:\/\/cavera.org.ar\/web\/?p=583"},"modified":"2020-08-20T20:41:38","modified_gmt":"2020-08-20T20:41:38","slug":"webinar-gratuito-impermeabilizacion-y-proteccion-del-hormigon-20-05-20","status":"publish","type":"post","link":"https:\/\/cavera.org.ar\/?p=583","title":{"rendered":"WEBINAR GRATUITO \u00abIMPERMEABILIZACION Y PROTECCION DEL HORMIG\u00d3N\u00bb 20\/05\/20"},"content":{"rendered":"<p>WEBINAR GRATUITO \u00abIMPERMEABILIZACION Y PROTECCION DEL HORMIG\u00d3N\u00bb 20\/05\/20<\/p>\n<p><iframe loading=\"lazy\" title=\"Conferencia: IMPERMEABILIZACI\u00d3N Y PROTECCI\u00d3N DEL HORMIG\u00d3N\" width=\"800\" height=\"450\" src=\"https:\/\/www.youtube.com\/embed\/TfoCO4Nx4GU?feature=oembed\" frameborder=\"0\" allow=\"accelerometer; autoplay; encrypted-media; gyroscope; picture-in-picture\" allowfullscreen><\/iframe><\/p>\n","protected":false},"excerpt":{"rendered":"<p>WEBINAR GRATUITO \u00abIMPERMEABILIZACION Y PROTECCION DEL HORMIG\u00d3N\u00bb 20\/05\/20<\/p>\n","protected":false},"author":2,"featured_media":0,"comment_status":"open","ping_status":"closed","sticky":false,"template":"","format":"standard","meta":[],"categories":[20],"tags":[],"_links":{"self":[{"href":"https:\/\/cavera.org.ar\/index.php?rest_route=\/wp\/v2\/posts\/583"}],"collection":[{"href":"https:\/\/cavera.org.ar\/index.php?rest_route=\/wp\/v2\/posts"}],"about":[{"href":"https:\/\/cavera.org.ar\/index.php?rest_route=\/wp\/v2\/types\/post"}],"author":[{"embeddable":true,"href":"https:\/\/cavera.org.ar\/index.php?rest_route=\/wp\/v2\/users\/2"}],"replies":[{"embeddable":true,"href":"https:\/\/cavera.org.ar\/index.php?rest_route=%2Fwp%2Fv2%2Fcomments&post=583"}],"version-history":[{"count":1,"href":"https:\/\/cavera.org.ar\/index.php?rest_route=\/wp\/v2\/posts\/583\/revisions"}],"predecessor-version":[{"id":585,"href":"https:\/\/cavera.org.ar\/index.php?rest_route=\/wp\/v2\/posts\/583\/revisions\/585"}],"wp:attachment":[{"href":"https:\/\/cavera.org.ar\/index.php?rest_route=%2Fwp%2Fv2%2Fmedia&parent=583"}],"wp:term":[{"taxonomy":"category","embeddable":true,"href":"https:\/\/cavera.org.ar\/index.php?rest_route=%2Fwp%2Fv2%2Fcategories&post=583"},{"taxonomy":"post_tag","embeddable":true,"href":"https:\/\/cavera.org.ar\/index.php?rest_route=%2Fwp%2Fv2%2Ftags&post=583"}],"curies":[{"name":"wp","href":"https:\/\/api.w.org\/{rel}","templated":true}]}}