{"id":623,"date":"2020-08-04T18:13:51","date_gmt":"2020-08-04T18:13:51","guid":{"rendered":"https:\/\/cavera.org.ar\/web\/?p=623"},"modified":"2020-08-04T22:54:58","modified_gmt":"2020-08-04T22:54:58","slug":"tecnoperfiles-participara-de-fensterbau-frontale-2020-la-expo-de-puertas-y-ventanas-mas-importante-a-nivel-mundial","status":"publish","type":"post","link":"https:\/\/cavera.org.ar\/?p=623","title":{"rendered":"TECNOPERFILES PARTICIPAR\u00c1 DE FENSTERBAU FRONTALE 2020 | LA EXPO DE PUERTAS Y VENTANAS M\u00c1S IMPORTANTE A NIVEL MUNDIAL"},"content":{"rendered":"<p>TECNOPERFILES PARTICIPAR\u00c1 DE FENSTERBAU FRONTALE 2020 | LA EXPO DE PUERTAS Y VENTANAS M\u00c1S IMPORTANTE A NIVEL MUNDIAL<\/p>\n<p><a href=\"https:\/\/www.cavera.org.ar\/images\/slider\/noviembre2\/5.pdf\"><img decoding=\"async\" loading=\"lazy\" class=\"alignnone wp-image-598 size-medium\" src=\"https:\/\/cavera.org.ar\/web\/wp-content\/uploads\/2020\/08\/pdf-300x169.jpg\" alt=\"\" width=\"300\" height=\"169\" srcset=\"https:\/\/cavera.org.ar\/wp-content\/uploads\/2020\/08\/pdf-300x169.jpg 300w, https:\/\/cavera.org.ar\/wp-content\/uploads\/2020\/08\/pdf.jpg 450w\" sizes=\"(max-width: 300px) 100vw, 300px\" \/><\/a><\/p>\n","protected":false},"excerpt":{"rendered":"<p>TECNOPERFILES PARTICIPAR\u00c1 DE FENSTERBAU FRONTALE 2020 | LA EXPO DE PUERTAS Y VENTANAS M\u00c1S IMPORTANTE A NIVEL MUNDIAL<\/p>\n","protected":false},"author":2,"featured_media":0,"comment_status":"open","ping_status":"closed","sticky":false,"template":"","format":"standard","meta":[],"categories":[22,43],"tags":[],"_links":{"self":[{"href":"https:\/\/cavera.org.ar\/index.php?rest_route=\/wp\/v2\/posts\/623"}],"collection":[{"href":"https:\/\/cavera.org.ar\/index.php?rest_route=\/wp\/v2\/posts"}],"about":[{"href":"https:\/\/cavera.org.ar\/index.php?rest_route=\/wp\/v2\/types\/post"}],"author":[{"embeddable":true,"href":"https:\/\/cavera.org.ar\/index.php?rest_route=\/wp\/v2\/users\/2"}],"replies":[{"embeddable":true,"href":"https:\/\/cavera.org.ar\/index.php?rest_route=%2Fwp%2Fv2%2Fcomments&post=623"}],"version-history":[{"count":1,"href":"https:\/\/cavera.org.ar\/index.php?rest_route=\/wp\/v2\/posts\/623\/revisions"}],"predecessor-version":[{"id":624,"href":"https:\/\/cavera.org.ar\/index.php?rest_route=\/wp\/v2\/posts\/623\/revisions\/624"}],"wp:attachment":[{"href":"https:\/\/cavera.org.ar\/index.php?rest_route=%2Fwp%2Fv2%2Fmedia&parent=623"}],"wp:term":[{"taxonomy":"category","embeddable":true,"href":"https:\/\/cavera.org.ar\/index.php?rest_route=%2Fwp%2Fv2%2Fcategories&post=623"},{"taxonomy":"post_tag","embeddable":true,"href":"https:\/\/cavera.org.ar\/index.php?rest_route=%2Fwp%2Fv2%2Ftags&post=623"}],"curies":[{"name":"wp","href":"https:\/\/api.w.org\/{rel}","templated":true}]}}