{"id":714,"date":"2020-08-04T19:15:54","date_gmt":"2020-08-04T19:15:54","guid":{"rendered":"https:\/\/cavera.org.ar\/web\/?p=714"},"modified":"2020-08-04T19:15:54","modified_gmt":"2020-08-04T19:15:54","slug":"bim-archicad-22-modulo-basico-intermedio","status":"publish","type":"post","link":"https:\/\/cavera.org.ar\/?p=714","title":{"rendered":"BIM ARCHICAD 22. M\u00d3DULO B\u00c1SICO-INTERMEDIO"},"content":{"rendered":"<p>BIM ARCHICAD 22. M\u00d3DULO B\u00c1SICO-INTERMEDIO<\/p>\n<p><a href=\"https:\/\/www.cavera.org.ar\/images\/slider\/diciembre1\/1.pdf\"><img decoding=\"async\" loading=\"lazy\" class=\"alignnone wp-image-598 size-medium\" src=\"https:\/\/cavera.org.ar\/web\/wp-content\/uploads\/2020\/08\/pdf-300x169.jpg\" alt=\"\" width=\"300\" height=\"169\" srcset=\"https:\/\/cavera.org.ar\/wp-content\/uploads\/2020\/08\/pdf-300x169.jpg 300w, https:\/\/cavera.org.ar\/wp-content\/uploads\/2020\/08\/pdf.jpg 450w\" sizes=\"(max-width: 300px) 100vw, 300px\" \/><\/a><\/p>\n","protected":false},"excerpt":{"rendered":"<p>BIM ARCHICAD 22. M\u00d3DULO B\u00c1SICO-INTERMEDIO<\/p>\n","protected":false},"author":2,"featured_media":0,"comment_status":"open","ping_status":"closed","sticky":false,"template":"","format":"standard","meta":[],"categories":[23],"tags":[],"_links":{"self":[{"href":"https:\/\/cavera.org.ar\/index.php?rest_route=\/wp\/v2\/posts\/714"}],"collection":[{"href":"https:\/\/cavera.org.ar\/index.php?rest_route=\/wp\/v2\/posts"}],"about":[{"href":"https:\/\/cavera.org.ar\/index.php?rest_route=\/wp\/v2\/types\/post"}],"author":[{"embeddable":true,"href":"https:\/\/cavera.org.ar\/index.php?rest_route=\/wp\/v2\/users\/2"}],"replies":[{"embeddable":true,"href":"https:\/\/cavera.org.ar\/index.php?rest_route=%2Fwp%2Fv2%2Fcomments&post=714"}],"version-history":[{"count":1,"href":"https:\/\/cavera.org.ar\/index.php?rest_route=\/wp\/v2\/posts\/714\/revisions"}],"predecessor-version":[{"id":715,"href":"https:\/\/cavera.org.ar\/index.php?rest_route=\/wp\/v2\/posts\/714\/revisions\/715"}],"wp:attachment":[{"href":"https:\/\/cavera.org.ar\/index.php?rest_route=%2Fwp%2Fv2%2Fmedia&parent=714"}],"wp:term":[{"taxonomy":"category","embeddable":true,"href":"https:\/\/cavera.org.ar\/index.php?rest_route=%2Fwp%2Fv2%2Fcategories&post=714"},{"taxonomy":"post_tag","embeddable":true,"href":"https:\/\/cavera.org.ar\/index.php?rest_route=%2Fwp%2Fv2%2Ftags&post=714"}],"curies":[{"name":"wp","href":"https:\/\/api.w.org\/{rel}","templated":true}]}}