{"id":7593,"date":"2021-06-24T15:07:00","date_gmt":"2021-06-24T15:07:00","guid":{"rendered":"https:\/\/cavera.org.ar\/?p=7593"},"modified":"2021-06-24T22:40:32","modified_gmt":"2021-06-24T22:40:32","slug":"referente-profesional-en-las-areas-de-impuestos-auditoria-consultoria-pymes-derecho-tributario-y-penal-economico-bancos-y-servicios-financieros","status":"publish","type":"post","link":"https:\/\/cavera.org.ar\/?p=7593","title":{"rendered":"Referente profesional en las \u00e1reas de Impuestos, Auditor\u00eda, Consultor\u00eda, Pymes, Derecho Tributario y Penal Econ\u00f3mico, Bancos y Servicios Financieros."},"content":{"rendered":"<p>Ver Newsletter actualizado en la Secci\u00f3n Noticias de esta web<\/p>\n","protected":false},"excerpt":{"rendered":"<p>Ver Newsletter actualizado en la Secci\u00f3n Noticias de esta web<\/p>\n","protected":false},"author":2,"featured_media":7620,"comment_status":"closed","ping_status":"closed","sticky":false,"template":"","format":"standard","meta":[],"categories":[4],"tags":[],"_links":{"self":[{"href":"https:\/\/cavera.org.ar\/index.php?rest_route=\/wp\/v2\/posts\/7593"}],"collection":[{"href":"https:\/\/cavera.org.ar\/index.php?rest_route=\/wp\/v2\/posts"}],"about":[{"href":"https:\/\/cavera.org.ar\/index.php?rest_route=\/wp\/v2\/types\/post"}],"author":[{"embeddable":true,"href":"https:\/\/cavera.org.ar\/index.php?rest_route=\/wp\/v2\/users\/2"}],"replies":[{"embeddable":true,"href":"https:\/\/cavera.org.ar\/index.php?rest_route=%2Fwp%2Fv2%2Fcomments&post=7593"}],"version-history":[{"count":2,"href":"https:\/\/cavera.org.ar\/index.php?rest_route=\/wp\/v2\/posts\/7593\/revisions"}],"predecessor-version":[{"id":7621,"href":"https:\/\/cavera.org.ar\/index.php?rest_route=\/wp\/v2\/posts\/7593\/revisions\/7621"}],"wp:featuredmedia":[{"embeddable":true,"href":"https:\/\/cavera.org.ar\/index.php?rest_route=\/wp\/v2\/media\/7620"}],"wp:attachment":[{"href":"https:\/\/cavera.org.ar\/index.php?rest_route=%2Fwp%2Fv2%2Fmedia&parent=7593"}],"wp:term":[{"taxonomy":"category","embeddable":true,"href":"https:\/\/cavera.org.ar\/index.php?rest_route=%2Fwp%2Fv2%2Fcategories&post=7593"},{"taxonomy":"post_tag","embeddable":true,"href":"https:\/\/cavera.org.ar\/index.php?rest_route=%2Fwp%2Fv2%2Ftags&post=7593"}],"curies":[{"name":"wp","href":"https:\/\/api.w.org\/{rel}","templated":true}]}}