{"id":767,"date":"2026-04-21T11:50:13","date_gmt":"2026-04-21T11:50:13","guid":{"rendered":"https:\/\/cavera.org.ar\/web\/?p=767"},"modified":"2026-04-21T15:09:35","modified_gmt":"2026-04-21T15:09:35","slug":"uocra-acuerdo-salarial-periodo-junio-julio-20-2","status":"publish","type":"post","link":"https:\/\/cavera.org.ar\/?p=767","title":{"rendered":"Nuevos acuerdos salariales UOCRA \u2013 UECARA \u2013 SOCAMGLyP y UECA C\u00d3RDOBA"},"content":{"rendered":"<p><!--more--><\/p>\n<p>La Federaci\u00f3n Argentina de Entidades de la Construcci\u00f3n, entidad a la que est\u00e1 adherida CAVERA, nos ha informado que han sido celebrados nuevos acuerdos salariales con UOCRA, UECARA,\u00a0 SOCAMGLyP y\u00a0 UECA C\u00d3RDOBA<\/p>\n<p><a href=\"https:\/\/cavera.org.ar\/wp-content\/uploads\/2026\/04\/Acuerdo-salarial-UOCRA-31.03.26-Homologado-1.pdf\">Acuerdo salarial UOCRA 31.03.26 &#8211; Homologado<\/a><\/p>\n<p><a href=\"https:\/\/cavera.org.ar\/wp-content\/uploads\/2026\/04\/Acuerdo-salarial-UECARA-06.04.26-Homologado.pdf\">Acuerdo salarial UECARA 06.04.26 &#8211; Homologado<\/a><\/p>\n<p><a href=\"https:\/\/cavera.org.ar\/wp-content\/uploads\/2026\/04\/Acuerdo-salarial-SOCAMGLyP-06.04.26.pdf\">Acuerdo salarial SOCAMGLyP 06.04.26<\/a><\/p>\n<p><a href=\"https:\/\/cavera.org.ar\/wp-content\/uploads\/2026\/04\/Acuerdo-salarial-UECA-CORDOBA-07.04.26.pdf\">Acuerdo salarial UECA C\u00d3RDOBA 07.04.26<\/a><\/p>\n<p>&nbsp;<\/p>\n","protected":false},"excerpt":{"rendered":"","protected":false},"author":2,"featured_media":15081,"comment_status":"closed","ping_status":"closed","sticky":false,"template":"","format":"standard","meta":[],"categories":[4],"tags":[],"_links":{"self":[{"href":"https:\/\/cavera.org.ar\/index.php?rest_route=\/wp\/v2\/posts\/767"}],"collection":[{"href":"https:\/\/cavera.org.ar\/index.php?rest_route=\/wp\/v2\/posts"}],"about":[{"href":"https:\/\/cavera.org.ar\/index.php?rest_route=\/wp\/v2\/types\/post"}],"author":[{"embeddable":true,"href":"https:\/\/cavera.org.ar\/index.php?rest_route=\/wp\/v2\/users\/2"}],"replies":[{"embeddable":true,"href":"https:\/\/cavera.org.ar\/index.php?rest_route=%2Fwp%2Fv2%2Fcomments&post=767"}],"version-history":[{"count":150,"href":"https:\/\/cavera.org.ar\/index.php?rest_route=\/wp\/v2\/posts\/767\/revisions"}],"predecessor-version":[{"id":33719,"href":"https:\/\/cavera.org.ar\/index.php?rest_route=\/wp\/v2\/posts\/767\/revisions\/33719"}],"wp:featuredmedia":[{"embeddable":true,"href":"https:\/\/cavera.org.ar\/index.php?rest_route=\/wp\/v2\/media\/15081"}],"wp:attachment":[{"href":"https:\/\/cavera.org.ar\/index.php?rest_route=%2Fwp%2Fv2%2Fmedia&parent=767"}],"wp:term":[{"taxonomy":"category","embeddable":true,"href":"https:\/\/cavera.org.ar\/index.php?rest_route=%2Fwp%2Fv2%2Fcategories&post=767"},{"taxonomy":"post_tag","embeddable":true,"href":"https:\/\/cavera.org.ar\/index.php?rest_route=%2Fwp%2Fv2%2Ftags&post=767"}],"curies":[{"name":"wp","href":"https:\/\/api.w.org\/{rel}","templated":true}]}}