{"id":777,"date":"2020-08-04T19:52:59","date_gmt":"2020-08-04T19:52:59","guid":{"rendered":"https:\/\/cavera.org.ar\/web\/?p=777"},"modified":"2022-06-13T11:51:49","modified_gmt":"2022-06-13T11:51:49","slug":"informe-de-la-situacion-vinculada-a-los-contratos-de-trabajo-al-primero-de-abril-del-ano-del-coronavirus","status":"publish","type":"post","link":"https:\/\/cavera.org.ar\/?p=777","title":{"rendered":"INFORME DE LA SITUACI\u00d3N VINCULADA A LOS CONTRATOS DE TRABAJO AL PRIMERO DE ABRIL DEL A\u00d1O DEL CORONAVIRUS"},"content":{"rendered":"<p>INFORME DE LA SITUACI\u00d3N VINCULADA A LOS CONTRATOS DE TRABAJO AL PRIMERO DE ABRIL DEL A\u00d1O DEL CORONAVIRUS<\/p>\n<p><a href=\"https:\/\/www.cavera.org.ar\/images\/slider\/abril20\/15.pdf\"><img decoding=\"async\" loading=\"lazy\" class=\"alignnone wp-image-598 size-medium\" src=\"https:\/\/cavera.org.ar\/web\/wp-content\/uploads\/2020\/08\/pdf-300x169.jpg\" alt=\"\" width=\"300\" height=\"169\" srcset=\"https:\/\/cavera.org.ar\/wp-content\/uploads\/2020\/08\/pdf-300x169.jpg 300w, https:\/\/cavera.org.ar\/wp-content\/uploads\/2020\/08\/pdf.jpg 450w\" sizes=\"(max-width: 300px) 100vw, 300px\" \/><\/a><\/p>\n","protected":false},"excerpt":{"rendered":"<p>INFORME DE LA SITUACI\u00d3N VINCULADA A LOS CONTRATOS DE TRABAJO AL PRIMERO DE ABRIL DEL A\u00d1O DEL CORONAVIRUS<\/p>\n","protected":false},"author":2,"featured_media":0,"comment_status":"closed","ping_status":"closed","sticky":false,"template":"","format":"standard","meta":[],"categories":[31],"tags":[],"_links":{"self":[{"href":"https:\/\/cavera.org.ar\/index.php?rest_route=\/wp\/v2\/posts\/777"}],"collection":[{"href":"https:\/\/cavera.org.ar\/index.php?rest_route=\/wp\/v2\/posts"}],"about":[{"href":"https:\/\/cavera.org.ar\/index.php?rest_route=\/wp\/v2\/types\/post"}],"author":[{"embeddable":true,"href":"https:\/\/cavera.org.ar\/index.php?rest_route=\/wp\/v2\/users\/2"}],"replies":[{"embeddable":true,"href":"https:\/\/cavera.org.ar\/index.php?rest_route=%2Fwp%2Fv2%2Fcomments&post=777"}],"version-history":[{"count":1,"href":"https:\/\/cavera.org.ar\/index.php?rest_route=\/wp\/v2\/posts\/777\/revisions"}],"predecessor-version":[{"id":778,"href":"https:\/\/cavera.org.ar\/index.php?rest_route=\/wp\/v2\/posts\/777\/revisions\/778"}],"wp:attachment":[{"href":"https:\/\/cavera.org.ar\/index.php?rest_route=%2Fwp%2Fv2%2Fmedia&parent=777"}],"wp:term":[{"taxonomy":"category","embeddable":true,"href":"https:\/\/cavera.org.ar\/index.php?rest_route=%2Fwp%2Fv2%2Fcategories&post=777"},{"taxonomy":"post_tag","embeddable":true,"href":"https:\/\/cavera.org.ar\/index.php?rest_route=%2Fwp%2Fv2%2Ftags&post=777"}],"curies":[{"name":"wp","href":"https:\/\/api.w.org\/{rel}","templated":true}]}}