{"id":797,"date":"2020-08-04T20:08:02","date_gmt":"2020-08-04T20:08:02","guid":{"rendered":"https:\/\/cavera.org.ar\/web\/?p=797"},"modified":"2020-08-04T20:08:02","modified_gmt":"2020-08-04T20:08:02","slug":"extension-de-los-beneficios-del-programa-de-asistencia-al-trabajo-y-la-produccion-atp-relativos-al-salario-complementario-y-a-la-postergacion-y-reduccion-del-pago-de-las-contribuciones-patronales-al","status":"publish","type":"post","link":"https:\/\/cavera.org.ar\/?p=797","title":{"rendered":"EXTENSI\u00d3N DE LOS BENEFICIOS DEL PROGRAMA DE ASISTENCIA AL TRABAJO Y LA PRODUCCI\u00d3N (ATP) RELATIVOS AL SALARIO COMPLEMENTARIO Y A LA POSTERGACION Y REDUCCI\u00d3N DEL PAGO DE LAS CONTRIBUCIONES PATRONALES AL SISTEMA INTEGRADO PREVISIONAL ARGENTINO (SIPA)QUE SE DEVENGUEN DURANTE EL MES DE MAYO"},"content":{"rendered":"<p>EXTENSI\u00d3N DE LOS BENEFICIOS DEL PROGRAMA DE ASISTENCIA AL TRABAJO Y LA PRODUCCI\u00d3N (ATP) RELATIVOS AL SALARIO COMPLEMENTARIO Y A LA POSTERGACION Y REDUCCI\u00d3N DEL PAGO DE LAS CONTRIBUCIONES PATRONALES AL SISTEMA INTEGRADO PREVISIONAL ARGENTINO (SIPA)QUE SE DEVENGUEN DURANTE EL MES DE MAYO<\/p>\n<p><a href=\"https:\/\/www.cavera.org.ar\/images\/slider\/mayo20\/8.pdf\"><img decoding=\"async\" loading=\"lazy\" class=\"alignnone wp-image-598 size-medium\" src=\"https:\/\/cavera.org.ar\/web\/wp-content\/uploads\/2020\/08\/pdf-300x169.jpg\" alt=\"\" width=\"300\" height=\"169\" srcset=\"https:\/\/cavera.org.ar\/wp-content\/uploads\/2020\/08\/pdf-300x169.jpg 300w, https:\/\/cavera.org.ar\/wp-content\/uploads\/2020\/08\/pdf.jpg 450w\" sizes=\"(max-width: 300px) 100vw, 300px\" \/><\/a><\/p>\n","protected":false},"excerpt":{"rendered":"<p>EXTENSI\u00d3N DE LOS BENEFICIOS DEL PROGRAMA DE ASISTENCIA AL TRABAJO Y LA PRODUCCI\u00d3N (ATP) RELATIVOS AL SALARIO COMPLEMENTARIO Y A<\/p>\n","protected":false},"author":2,"featured_media":0,"comment_status":"open","ping_status":"closed","sticky":false,"template":"","format":"standard","meta":[],"categories":[31],"tags":[],"_links":{"self":[{"href":"https:\/\/cavera.org.ar\/index.php?rest_route=\/wp\/v2\/posts\/797"}],"collection":[{"href":"https:\/\/cavera.org.ar\/index.php?rest_route=\/wp\/v2\/posts"}],"about":[{"href":"https:\/\/cavera.org.ar\/index.php?rest_route=\/wp\/v2\/types\/post"}],"author":[{"embeddable":true,"href":"https:\/\/cavera.org.ar\/index.php?rest_route=\/wp\/v2\/users\/2"}],"replies":[{"embeddable":true,"href":"https:\/\/cavera.org.ar\/index.php?rest_route=%2Fwp%2Fv2%2Fcomments&post=797"}],"version-history":[{"count":1,"href":"https:\/\/cavera.org.ar\/index.php?rest_route=\/wp\/v2\/posts\/797\/revisions"}],"predecessor-version":[{"id":798,"href":"https:\/\/cavera.org.ar\/index.php?rest_route=\/wp\/v2\/posts\/797\/revisions\/798"}],"wp:attachment":[{"href":"https:\/\/cavera.org.ar\/index.php?rest_route=%2Fwp%2Fv2%2Fmedia&parent=797"}],"wp:term":[{"taxonomy":"category","embeddable":true,"href":"https:\/\/cavera.org.ar\/index.php?rest_route=%2Fwp%2Fv2%2Fcategories&post=797"},{"taxonomy":"post_tag","embeddable":true,"href":"https:\/\/cavera.org.ar\/index.php?rest_route=%2Fwp%2Fv2%2Ftags&post=797"}],"curies":[{"name":"wp","href":"https:\/\/api.w.org\/{rel}","templated":true}]}}