{"id":799,"date":"2020-08-04T20:09:25","date_gmt":"2020-08-04T20:09:25","guid":{"rendered":"https:\/\/cavera.org.ar\/web\/?p=799"},"modified":"2020-08-04T20:09:25","modified_gmt":"2020-08-04T20:09:25","slug":"decision-administrativa-887-20-vigente-a-partir-del-24-5-2020-b-o-del-25-5-2020-recomendaciones-del-comite-de-evaluacion-y-monitoreo-del-programa-de-asistencia-de-emergencia-al-trabajo-y-l","status":"publish","type":"post","link":"https:\/\/cavera.org.ar\/?p=799","title":{"rendered":"DECISI\u00d3N ADMINISTRATIVA 887\/20 VIGENTE A PARTIR DEL 24\/5\/2020 (B.O. DEL 25\/5\/2020) RECOMENDACIONES DEL \u201cCOMIT\u00c9 DE EVALUACI\u00d3N Y MONITOREO DEL PROGRAMA DE ASISTENCIA DE EMERGENCIA AL TRABAJO Y LA PRODUCCI\u00d3N\u201d"},"content":{"rendered":"<p>DECISI\u00d3N ADMINISTRATIVA 887\/20 VIGENTE A PARTIR DEL 24\/5\/2020 (B.O. DEL 25\/5\/2020) RECOMENDACIONES DEL \u201cCOMIT\u00c9 DE EVALUACI\u00d3N Y MONITOREO DEL PROGRAMA DE ASISTENCIA DE EMERGENCIA AL TRABAJO Y LA PRODUCCI\u00d3N\u201d<\/p>\n<p><a href=\"https:\/\/www.cavera.org.ar\/images\/slider\/mayo202\/5.pdf\"><img decoding=\"async\" loading=\"lazy\" class=\"alignnone wp-image-598 size-medium\" src=\"https:\/\/cavera.org.ar\/web\/wp-content\/uploads\/2020\/08\/pdf-300x169.jpg\" alt=\"\" width=\"300\" height=\"169\" srcset=\"https:\/\/cavera.org.ar\/wp-content\/uploads\/2020\/08\/pdf-300x169.jpg 300w, https:\/\/cavera.org.ar\/wp-content\/uploads\/2020\/08\/pdf.jpg 450w\" sizes=\"(max-width: 300px) 100vw, 300px\" \/><\/a><\/p>\n","protected":false},"excerpt":{"rendered":"<p>DECISI\u00d3N ADMINISTRATIVA 887\/20 VIGENTE A PARTIR DEL 24\/5\/2020 (B.O. DEL 25\/5\/2020) RECOMENDACIONES DEL \u201cCOMIT\u00c9 DE EVALUACI\u00d3N Y MONITOREO DEL PROGRAMA<\/p>\n","protected":false},"author":2,"featured_media":0,"comment_status":"open","ping_status":"closed","sticky":false,"template":"","format":"standard","meta":[],"categories":[31],"tags":[],"_links":{"self":[{"href":"https:\/\/cavera.org.ar\/index.php?rest_route=\/wp\/v2\/posts\/799"}],"collection":[{"href":"https:\/\/cavera.org.ar\/index.php?rest_route=\/wp\/v2\/posts"}],"about":[{"href":"https:\/\/cavera.org.ar\/index.php?rest_route=\/wp\/v2\/types\/post"}],"author":[{"embeddable":true,"href":"https:\/\/cavera.org.ar\/index.php?rest_route=\/wp\/v2\/users\/2"}],"replies":[{"embeddable":true,"href":"https:\/\/cavera.org.ar\/index.php?rest_route=%2Fwp%2Fv2%2Fcomments&post=799"}],"version-history":[{"count":1,"href":"https:\/\/cavera.org.ar\/index.php?rest_route=\/wp\/v2\/posts\/799\/revisions"}],"predecessor-version":[{"id":800,"href":"https:\/\/cavera.org.ar\/index.php?rest_route=\/wp\/v2\/posts\/799\/revisions\/800"}],"wp:attachment":[{"href":"https:\/\/cavera.org.ar\/index.php?rest_route=%2Fwp%2Fv2%2Fmedia&parent=799"}],"wp:term":[{"taxonomy":"category","embeddable":true,"href":"https:\/\/cavera.org.ar\/index.php?rest_route=%2Fwp%2Fv2%2Fcategories&post=799"},{"taxonomy":"post_tag","embeddable":true,"href":"https:\/\/cavera.org.ar\/index.php?rest_route=%2Fwp%2Fv2%2Ftags&post=799"}],"curies":[{"name":"wp","href":"https:\/\/api.w.org\/{rel}","templated":true}]}}